{"id":93876,"date":"2022-01-17T15:07:37","date_gmt":"2022-01-17T14:07:37","guid":{"rendered":"https:\/\/www.messinaoggi.it\/website\/2022\/01\/17\/attentati-nel-foggiano-lamorgese-serve-intervento-forte-dello-stato\/"},"modified":"2022-01-17T15:07:37","modified_gmt":"2022-01-17T14:07:37","slug":"attentati-nel-foggiano-lamorgese-serve-intervento-forte-dello-stato","status":"publish","type":"post","link":"https:\/\/www.messinaoggi.it\/website\/2022\/01\/17\/attentati-nel-foggiano-lamorgese-serve-intervento-forte-dello-stato\/","title":{"rendered":"Attentati nel foggiano, Lamorgese \u201cServe intervento forte dello Stato\u201d"},"content":{"rendered":"<div>FOGGIA (ITALPRESS) &#8211; &#8220;Lo Stato oggi fa sentire la sua presenza in maniera compatta mettendo risorse aggiuntive. Integreremo gli organici e daremo massima attenzione a quelli del territorio&#8221;. La ministra dell&#8217;Interno, Luciana Lamorgese, ha voluto far sentire la presenza dello Stato presiedendo il comitato provinciale straordinario per l&#8217;ordine e la sicurezza pubblica, questa mattina nella prefettura di Foggia. Un momento quasi obbligato, visti gli ultimi attentati dinamitardi e incendiari, nove negli ultimi otto giorni a Foggia, San Severo e Vieste, compiuti ai danni di imprenditori e commercianti. Al comitato hanno partecipato anche il procuratore nazionale antimafia, Federico Cafiero de Raho, i magistrati della Dda di Bari e della Procura di Foggia, il capo della Polizia, Lamberto Giannini, i comandanti generali di Carabinieri e Guardia di Finanza e il commissario straordinario Antiracket, Giovanna Cagliostro.<br \/>&#8220;C&#8217;\u00e8 bisogno di un intervento strutturato e forte ricorrendo ai rinforzi del reparto prevenzione crimine della Polizia di Stato per il controllo integrato del territorio. Questi reparti, l&#8217;utilizzo di questi due tipo di reparti anticrimine e quadrati, servono proprio al territorio integrato del territorio. &#8211; ha aggiunto la ministra dell&#8217;Interno &#8211; Occorre un intervento strutturale che da solo pu\u00f2 consentire efficaci risposte alle varie fenomenologie criminali che insidiamo il territorio&#8221;. La ministra dell&#8217;Interno, Luciana Lamorgese, ha ricordato negli ultimi tempi ci sono state &#8220;400 misure cautelari, indagini complicate, con confische di patrimoni ingenti per quasi 30 milioni di euro&#8221;. Al termine del comitato provinciale per l&#8217;ordine e la sicurezza pubblica dopo gli attentati dei giorni scorsi ai danni di commercianti e imprenditori. <br \/>Secondo la ministra, fondamentali nel territorio foggiano saranno i &#8220;sistemi di videosorveglianza ad alta definizione e su questa questione sono stati stanziati fondi ad hoc per 80 milioni di euro&#8221;. Lamorgese ha precisato che &#8220;il comune di Foggia ha presentato un progetto di circa un milione di euro. Vorrei ricordare &#8211; ha sottolineato &#8211; il progetto della cittadella della sicurezza, che \u00e8 davvero importante. Il progetto sta andando avanti da tanto. Anche il comune di San Severo ha presentato un progetto per la videosorveglianza da 430mila euro e a breve sar\u00e0 formalizzata la graduatoria. L&#8217;attenzione \u00e8 massima&#8221;. <br \/>Nel 2021 nel foggiano ci sono state 13 interdittive antimafia, come ha illustrato la ministra Luciana Lamorgese. Dati che vedono una &#8220;diminuzione dei reati dello -0,9%. Ma quelli rilevanti riguardano l&#8217;usura con un + 33% in tutta la provincia, ma su Foggia citt\u00e0 c&#8217;\u00e8 un solo caso. Per quel che riguarda le estorsioni registriamo una flessione del 30,8% rispetto al 2021 cio\u00e8 110 casi rispetto ai 159 del 2020. C&#8217;\u00e8 difficolt\u00e0 &#8211; ha concluso la ministra &#8211; a convincere le persone a denunciare. La paura non deve condizionarci nelle scelte. Bisogna stare dalla parte dello Stato. Il compito delle associazioni \u00e8 anche quella di dare una mano per far capire che la denuncia significa essere dalla parte del giusto falla parte dello Stato&#8221;.<br \/>(ITALPRESS).<\/div>\n<div id=\"div-gpt-ad-Messinaoggi.it-DSK-300x250-corpoart\" style=\"text-align:center;margin:0 auto;\"><\/div><\/p><div id=\"videoincontent\" style=\"clear:both\";><\/div>","protected":false},"excerpt":{"rendered":"<p>FOGGIA (ITALPRESS) &#8211; &#8220;Lo Stato oggi fa sentire la sua presenza in maniera compatta mettendo risorse aggiuntive. Integreremo gli organici e daremo massima attenzione a quelli del territorio&#8221;. La ministra dell&#8217;Interno, Luciana Lamorgese, ha voluto far sentire la presenza dello Stato presiedendo il comitato provinciale straordinario per l&#8217;ordine e la sicurezza pubblica, questa mattina nella [&hellip;]<\/p>\n","protected":false},"author":18,"featured_media":93877,"comment_status":"closed","ping_status":"closed","sticky":false,"template":"","format":"standard","meta":{"ub_ctt_via":"","_mi_skip_tracking":false},"categories":[446],"tags":[783],"featured_image_src":"https:\/\/www.messinaoggi.it\/website\/wp-content\/uploads\/2022\/01\/20220117_0755.jpg","author_info":{"display_name":"Admin","author_link":"https:\/\/www.messinaoggi.it\/website\/author\/admin\/"},"digistream_id":0,"digistream":false,"_links":{"self":[{"href":"https:\/\/www.messinaoggi.it\/website\/wp-json\/wp\/v2\/posts\/93876"}],"collection":[{"href":"https:\/\/www.messinaoggi.it\/website\/wp-json\/wp\/v2\/posts"}],"about":[{"href":"https:\/\/www.messinaoggi.it\/website\/wp-json\/wp\/v2\/types\/post"}],"author":[{"embeddable":true,"href":"https:\/\/www.messinaoggi.it\/website\/wp-json\/wp\/v2\/users\/18"}],"replies":[{"embeddable":true,"href":"https:\/\/www.messinaoggi.it\/website\/wp-json\/wp\/v2\/comments?post=93876"}],"version-history":[{"count":0,"href":"https:\/\/www.messinaoggi.it\/website\/wp-json\/wp\/v2\/posts\/93876\/revisions"}],"wp:featuredmedia":[{"embeddable":true,"href":"https:\/\/www.messinaoggi.it\/website\/wp-json\/wp\/v2\/media\/93877"}],"wp:attachment":[{"href":"https:\/\/www.messinaoggi.it\/website\/wp-json\/wp\/v2\/media?parent=93876"}],"wp:term":[{"taxonomy":"category","embeddable":true,"href":"https:\/\/www.messinaoggi.it\/website\/wp-json\/wp\/v2\/categories?post=93876"},{"taxonomy":"post_tag","embeddable":true,"href":"https:\/\/www.messinaoggi.it\/website\/wp-json\/wp\/v2\/tags?post=93876"}],"curies":[{"name":"wp","href":"https:\/\/api.w.org\/{rel}","templated":true}]}}