{"id":93854,"date":"2022-01-17T11:07:38","date_gmt":"2022-01-17T10:07:38","guid":{"rendered":"https:\/\/www.messinaoggi.it\/website\/2022\/01\/17\/nel-2021-inflazione-all19-dato-piu-alto-dal-2012\/"},"modified":"2022-01-17T11:07:38","modified_gmt":"2022-01-17T10:07:38","slug":"nel-2021-inflazione-all19-dato-piu-alto-dal-2012","status":"publish","type":"post","link":"https:\/\/www.messinaoggi.it\/website\/2022\/01\/17\/nel-2021-inflazione-all19-dato-piu-alto-dal-2012\/","title":{"rendered":"Nel 2021 inflazione all\u20191,9%, dato pi\u00f9 alto dal 2012"},"content":{"rendered":"<div>ROMA (ITALPRESS) &#8211; A dicembre 2021 l&#8217;Istat stima che l&#8217;indice nazionale dei prezzi al consumo per l&#8217;intera collettivit\u00e0, al lordo dei tabacchi, aumenti dello 0,4% su base mensile e del 3,9% su base annua (da +3,7% di novembre), confermando la stima preliminare. Nel 2021, dopo la flessione del 2020 (-0,2%), i prezzi al consumo tornano a crescere in media d&#8217;anno (+1,9%), registrando l&#8217;aumento pi\u00f9 ampio dal 2012 (+3,0%). La ripresa dell&#8217;inflazione nel 2021 \u00e8 essenzialmente trainata dall&#8217;andamento dei prezzi degli energetici (+14,1%), diminuiti invece dell&#8217;8,4% nel 2020. Al netto di questi beni, nel 2021, la crescita dei prezzi al consumo \u00e8 la stessa registrata nell&#8217;anno precedente (+0,7%). L&#8217;inflazione acquisita o trascinamento per il 2022 (cio\u00e8 la crescita media che si avrebbe nell&#8217;anno se i prezzi rimanessero stabili fino a dicembre) \u00e8 pari a +1,8%, diversamente da quanto accaduto per il 2021, quando fu -0,1%.<br \/>\n(ITALPRESS).<\/div>\n<div id=\"div-gpt-ad-Messinaoggi.it-DSK-300x250-corpoart\" style=\"text-align:center;margin:0 auto;\"><\/div><\/p><div id=\"videoincontent\" style=\"clear:both\";><\/div>","protected":false},"excerpt":{"rendered":"<p>ROMA (ITALPRESS) &#8211; A dicembre 2021 l&#8217;Istat stima che l&#8217;indice nazionale dei prezzi al consumo per l&#8217;intera collettivit\u00e0, al lordo dei tabacchi, aumenti dello 0,4% su base mensile e del 3,9% su base annua (da +3,7% di novembre), confermando la stima preliminare. Nel 2021, dopo la flessione del 2020 (-0,2%), i prezzi al consumo tornano [&hellip;]<\/p>\n","protected":false},"author":18,"featured_media":93855,"comment_status":"closed","ping_status":"closed","sticky":false,"template":"","format":"standard","meta":{"ub_ctt_via":"","_mi_skip_tracking":false},"categories":[446],"tags":[783],"featured_image_src":"https:\/\/www.messinaoggi.it\/website\/wp-content\/uploads\/2022\/01\/20220117_0206.jpg","author_info":{"display_name":"Admin","author_link":"https:\/\/www.messinaoggi.it\/website\/author\/admin\/"},"digistream_id":0,"digistream":false,"_links":{"self":[{"href":"https:\/\/www.messinaoggi.it\/website\/wp-json\/wp\/v2\/posts\/93854"}],"collection":[{"href":"https:\/\/www.messinaoggi.it\/website\/wp-json\/wp\/v2\/posts"}],"about":[{"href":"https:\/\/www.messinaoggi.it\/website\/wp-json\/wp\/v2\/types\/post"}],"author":[{"embeddable":true,"href":"https:\/\/www.messinaoggi.it\/website\/wp-json\/wp\/v2\/users\/18"}],"replies":[{"embeddable":true,"href":"https:\/\/www.messinaoggi.it\/website\/wp-json\/wp\/v2\/comments?post=93854"}],"version-history":[{"count":0,"href":"https:\/\/www.messinaoggi.it\/website\/wp-json\/wp\/v2\/posts\/93854\/revisions"}],"wp:featuredmedia":[{"embeddable":true,"href":"https:\/\/www.messinaoggi.it\/website\/wp-json\/wp\/v2\/media\/93855"}],"wp:attachment":[{"href":"https:\/\/www.messinaoggi.it\/website\/wp-json\/wp\/v2\/media?parent=93854"}],"wp:term":[{"taxonomy":"category","embeddable":true,"href":"https:\/\/www.messinaoggi.it\/website\/wp-json\/wp\/v2\/categories?post=93854"},{"taxonomy":"post_tag","embeddable":true,"href":"https:\/\/www.messinaoggi.it\/website\/wp-json\/wp\/v2\/tags?post=93854"}],"curies":[{"name":"wp","href":"https:\/\/api.w.org\/{rel}","templated":true}]}}