{"id":93851,"date":"2022-01-17T11:27:02","date_gmt":"2022-01-17T10:27:02","guid":{"rendered":"http:\/\/www.messinaoggi.it\/website\/?p=93851"},"modified":"2022-01-17T11:27:02","modified_gmt":"2022-01-17T10:27:02","slug":"de-luca-firma-le-dimissioni-inizia-la-corsa-alla-regione","status":"publish","type":"post","link":"https:\/\/www.messinaoggi.it\/website\/2022\/01\/17\/de-luca-firma-le-dimissioni-inizia-la-corsa-alla-regione\/","title":{"rendered":"De Luca firma le dimissioni: inizia la corsa alla Regione?"},"content":{"rendered":"\n<p>Come anticipato nei giorni scorsi, Cateno De Luca ha presentato al segretario generale del Comune la lettera di dimissioni dalla carica di sindaco della citt\u00e0 metropolitana. Inizia dunque il conto alla rovescia di venti giorni affinch\u00e9 le dimissioni, al momento revocabili, diventino definitive. <div id=\"div-gpt-ad-Messinaoggi.it-DSK-300x250-corpoart\" style=\"text-align:center;margin:0 auto;\"><\/div><\/p>\n\n\n\n<p>Non \u00e8 la prima volta che De Luca firma o comunque minaccia le dimissioni dalla carica di primo cittadino salvo poi tornare sui suoi passi. In genere, De Luca ha usato lo spauracchio delle dimissioni per mandare avanti la sua azione di governo. Non avendo alcun consigliere all&#8217;interno del Consiglio comunale, il suo esecutivo \u00e8 sempre stato appoggiato da una precaria maggioranza, motivo per cui l&#8217;approvazione di alcuni atti significativi del suo programma politico \u00e8 passata dalla minaccia, formale o informale, di dimettersi: una volta divenute irrevocabili, dalle dimissioni seguirebbe lo scioglimento del Consiglio comunale e, dunque, il ritorno alle urne.<div id=\"videoincontent\" style=\"clear:both\";><\/div><\/p>\n\n\n\n<p>Questa volta, per\u00f2, c&#8217;\u00e8 un elemento fondamentale che aumenta le probabilit\u00e0 secondo cui De Luca possa dimettersi realmente da primo cittadino: le elezioni regionali. Politicamente parlando, il 2022 \u00e8 un anno importante per la Sicilia. A novembre, infatti, si terranno le elezioni del presidente della Regione Siciliana. De Luca, al riguardo, non ha mai fatto mistero di ambire ad essere eletto presidente regionale. Gi\u00e0 ad ottobre 2018, a pochi mesi dall&#8217;elezione come sindaco di Messina, De Luca, in occasione delle dimissioni da parlamentare regionale, dichiar\u00f2: &#8220;Il mio sogno \u00e8 tornare a Palermo da Governatore: il mio non \u00e8 un addio, \u00e8 un arrivederci&#8221;. <\/p>\n\n\n\n<p>A tre anni di distanza, quella che sembrava un&#8217;ipotesi \u00e8 divenuta di fatto una certezza: ad ottobre 2021, in occasione dell&#8217;assemblea di Sicilia Vera che si \u00e8 tenuta a Taormina, ha annunciato l&#8217;avvio della sua operazione &#8220;Liberazione della Sicilia&#8221;, con la quale mira a diventare il &#8220;sindaco di Sicilia&#8221;. Con le dimissioni di oggi, probabilmente, De Luca ha iniziato di fatto la sua corsa alla regione.  <\/p>\n","protected":false},"excerpt":{"rendered":"<p>Come anticipato nei giorni scorsi, Cateno De Luca ha presentato al segretario generale del Comune la lettera di dimissioni dalla carica di sindaco della citt\u00e0 metropolitana. Inizia dunque il conto alla rovescia di venti giorni affinch\u00e9 le dimissioni, al momento revocabili, diventino definitive. Non \u00e8 la prima volta che De Luca firma o comunque minaccia [&hellip;]<\/p>\n","protected":false},"author":8,"featured_media":53543,"comment_status":"open","ping_status":"open","sticky":false,"template":"","format":"standard","meta":{"ub_ctt_via":"","_mi_skip_tracking":false},"categories":[6],"tags":[134,3858],"featured_image_src":"https:\/\/www.messinaoggi.it\/website\/wp-content\/uploads\/2021\/02\/AADC79E6-D4F8-4FA5-B002-11B7672F8A3E.jpeg","author_info":{"display_name":"red..me","author_link":"https:\/\/www.messinaoggi.it\/website\/author\/redstage\/"},"digistream_id":0,"digistream":false,"_links":{"self":[{"href":"https:\/\/www.messinaoggi.it\/website\/wp-json\/wp\/v2\/posts\/93851"}],"collection":[{"href":"https:\/\/www.messinaoggi.it\/website\/wp-json\/wp\/v2\/posts"}],"about":[{"href":"https:\/\/www.messinaoggi.it\/website\/wp-json\/wp\/v2\/types\/post"}],"author":[{"embeddable":true,"href":"https:\/\/www.messinaoggi.it\/website\/wp-json\/wp\/v2\/users\/8"}],"replies":[{"embeddable":true,"href":"https:\/\/www.messinaoggi.it\/website\/wp-json\/wp\/v2\/comments?post=93851"}],"version-history":[{"count":1,"href":"https:\/\/www.messinaoggi.it\/website\/wp-json\/wp\/v2\/posts\/93851\/revisions"}],"predecessor-version":[{"id":93860,"href":"https:\/\/www.messinaoggi.it\/website\/wp-json\/wp\/v2\/posts\/93851\/revisions\/93860"}],"wp:featuredmedia":[{"embeddable":true,"href":"https:\/\/www.messinaoggi.it\/website\/wp-json\/wp\/v2\/media\/53543"}],"wp:attachment":[{"href":"https:\/\/www.messinaoggi.it\/website\/wp-json\/wp\/v2\/media?parent=93851"}],"wp:term":[{"taxonomy":"category","embeddable":true,"href":"https:\/\/www.messinaoggi.it\/website\/wp-json\/wp\/v2\/categories?post=93851"},{"taxonomy":"post_tag","embeddable":true,"href":"https:\/\/www.messinaoggi.it\/website\/wp-json\/wp\/v2\/tags?post=93851"}],"curies":[{"name":"wp","href":"https:\/\/api.w.org\/{rel}","templated":true}]}}