{"id":93837,"date":"2022-01-17T09:07:37","date_gmt":"2022-01-17T08:07:37","guid":{"rendered":"https:\/\/www.messinaoggi.it\/website\/2022\/01\/17\/quirinale-renzi-berlusconi-non-ha-alcuna-chance\/"},"modified":"2022-01-17T09:41:02","modified_gmt":"2022-01-17T08:41:02","slug":"quirinale-renzi-berlusconi-non-ha-alcuna-chance","status":"publish","type":"post","link":"https:\/\/www.messinaoggi.it\/website\/2022\/01\/17\/quirinale-renzi-berlusconi-non-ha-alcuna-chance\/","title":{"rendered":"Quirinale, Renzi \u201cBerlusconi non ha alcuna chance\u201d"},"content":{"rendered":"<div>ROMA (ITALPRESS) &#8211; &#8220;Berlusconi non ha alcuna chance di fare il presidente della Repubblica, diciamolo chiaramente, \u00e8 circondato da gente che ne asseconda i disegni e i sogni, ma che i numeri non ci siano non \u00e8 una nostra constatazione ma del vertice di centrodestra di venerd\u00ec scorso&#8221;. Cos\u00ec il leader di Italia Viva, Matteo Renzi, a Radio Leopolda. &#8220;Penso che anche per loro sia una operazione di alto rischio perch\u00e8 Berlusconi porta il centrodestra a sbattere se insiste, non riesco a capire come non possano fermarsi e guardare i numeri e la realt\u00e0&#8221;, ha aggiunto.<br \/>&#8220;Penso che Salvini e Meloni nelle prossime ore parleranno con Berlusconi perch\u00e8 i numeri non ci sono. Appena finito questo show andremo a verificare se il centrodestra vorr\u00e0 utilizzare l&#8217;occasione storica per proporre un nome o su una terna di nomi, oppure se andr\u00e0 a muro contro muro e si andr\u00e0 a sfracellare&#8221;, ha concluso Renzi.<br \/>(ITALPRESS).<\/div>\n<div id=\"div-gpt-ad-Messinaoggi.it-DSK-300x250-corpoart\" style=\"text-align:center;margin:0 auto;\"><\/div><\/p><div id=\"videoincontent\" style=\"clear:both\";><\/div>","protected":false},"excerpt":{"rendered":"<p>ROMA (ITALPRESS) &#8211; &#8220;Berlusconi non ha alcuna chance di fare il presidente della Repubblica, diciamolo chiaramente, \u00e8 circondato da gente che ne asseconda i disegni e i sogni, ma che i numeri non ci siano non \u00e8 una nostra constatazione ma del vertice di centrodestra di venerd\u00ec scorso&#8221;. Cos\u00ec il leader di Italia Viva, Matteo [&hellip;]<\/p>\n","protected":false},"author":18,"featured_media":93838,"comment_status":"closed","ping_status":"closed","sticky":false,"template":"","format":"standard","meta":{"ub_ctt_via":"","_mi_skip_tracking":false},"categories":[446,4],"tags":[783],"featured_image_src":"https:\/\/www.messinaoggi.it\/website\/wp-content\/uploads\/2022\/01\/20220117_0108.jpg","author_info":{"display_name":"Admin","author_link":"https:\/\/www.messinaoggi.it\/website\/author\/admin\/"},"digistream_id":0,"digistream":false,"_links":{"self":[{"href":"https:\/\/www.messinaoggi.it\/website\/wp-json\/wp\/v2\/posts\/93837"}],"collection":[{"href":"https:\/\/www.messinaoggi.it\/website\/wp-json\/wp\/v2\/posts"}],"about":[{"href":"https:\/\/www.messinaoggi.it\/website\/wp-json\/wp\/v2\/types\/post"}],"author":[{"embeddable":true,"href":"https:\/\/www.messinaoggi.it\/website\/wp-json\/wp\/v2\/users\/18"}],"replies":[{"embeddable":true,"href":"https:\/\/www.messinaoggi.it\/website\/wp-json\/wp\/v2\/comments?post=93837"}],"version-history":[{"count":1,"href":"https:\/\/www.messinaoggi.it\/website\/wp-json\/wp\/v2\/posts\/93837\/revisions"}],"predecessor-version":[{"id":93841,"href":"https:\/\/www.messinaoggi.it\/website\/wp-json\/wp\/v2\/posts\/93837\/revisions\/93841"}],"wp:featuredmedia":[{"embeddable":true,"href":"https:\/\/www.messinaoggi.it\/website\/wp-json\/wp\/v2\/media\/93838"}],"wp:attachment":[{"href":"https:\/\/www.messinaoggi.it\/website\/wp-json\/wp\/v2\/media?parent=93837"}],"wp:term":[{"taxonomy":"category","embeddable":true,"href":"https:\/\/www.messinaoggi.it\/website\/wp-json\/wp\/v2\/categories?post=93837"},{"taxonomy":"post_tag","embeddable":true,"href":"https:\/\/www.messinaoggi.it\/website\/wp-json\/wp\/v2\/tags?post=93837"}],"curies":[{"name":"wp","href":"https:\/\/api.w.org\/{rel}","templated":true}]}}