{"id":93827,"date":"2022-01-17T00:07:37","date_gmt":"2022-01-16T23:07:37","guid":{"rendered":"https:\/\/www.messinaoggi.it\/website\/2022\/01\/16\/quirinale-letta-su-berlusconi-non-ce-unita-cercare-nome-insieme\/"},"modified":"2022-01-17T09:48:31","modified_gmt":"2022-01-17T08:48:31","slug":"quirinale-letta-su-berlusconi-non-ce-unita-cercare-nome-insieme","status":"publish","type":"post","link":"https:\/\/www.messinaoggi.it\/website\/2022\/01\/17\/quirinale-letta-su-berlusconi-non-ce-unita-cercare-nome-insieme\/","title":{"rendered":"Quirinale, Letta \u201cSu Berlusconi non c\u2019\u00e8 unit\u00e0, cercare nome insieme\u201d"},"content":{"rendered":"<div>ROMA (ITALPRESS) &#8211; &#8220;In questo Parlamento nessuno ha la maggioranza, dobbiamo trovare un&#8217;intesa fondamentale sul presidente o sulla presidente della Repubblica, figura istituzionale super partes e sulla continuazione della legislatura per Covid, Pnrr e caro bollette che sta strangolando famiglie e economia. Il centrodestra sbaglia, \u00e8 evidente che la candidatura di Berlusconi \u00e8 un vicolo cieco, non \u00e8 la figura istituzionale su cui ci sar\u00e0 unit\u00e0. Voltiamo pagina, cerchiamo l&#8217;unit\u00e0 e questo nome insieme. E&#8217; la strada migliore&#8221;. <br \/>Cos\u00ec Enrico Letta, segretario del Pd, intervistato dal Tg3. <br \/>&#8220;Non \u00e8 questo il momento di fare i nomi, dovremmo deciderlo insieme ai nostri alleati e al centrodestra. Una cosa \u00e8 certa: Draghi sta giocando un ruolo fondamentale per il nostro Paese. Il suo nome e il suo ruolo va tutelato. Mattarella bis? Non \u00e8 il momento di fare nomi, prima noi dobbiamo trovare l&#8217;accordo tra tutte le forze politiche per il patto di legislatura. L&#8217;esempio di David Sassoli \u00e8 fondamentale per questo momento e per il futuro, porteremo avanti le sue battaglie e i suoi valori&#8221;, ha aggiunto.<br \/>(ITALPRESS).<\/div>\n<div id=\"div-gpt-ad-Messinaoggi.it-DSK-300x250-corpoart\" style=\"text-align:center;margin:0 auto;\"><\/div><\/p><div id=\"videoincontent\" style=\"clear:both\";><\/div>","protected":false},"excerpt":{"rendered":"<p>ROMA (ITALPRESS) &#8211; &#8220;In questo Parlamento nessuno ha la maggioranza, dobbiamo trovare un&#8217;intesa fondamentale sul presidente o sulla presidente della Repubblica, figura istituzionale super partes e sulla continuazione della legislatura per Covid, Pnrr e caro bollette che sta strangolando famiglie e economia. Il centrodestra sbaglia, \u00e8 evidente che la candidatura di Berlusconi \u00e8 un vicolo [&hellip;]<\/p>\n","protected":false},"author":18,"featured_media":93828,"comment_status":"closed","ping_status":"closed","sticky":false,"template":"","format":"standard","meta":{"ub_ctt_via":"","_mi_skip_tracking":false},"categories":[446,4],"tags":[783],"featured_image_src":"https:\/\/www.messinaoggi.it\/website\/wp-content\/uploads\/2022\/01\/20220116_1827.jpg","author_info":{"display_name":"Admin","author_link":"https:\/\/www.messinaoggi.it\/website\/author\/admin\/"},"digistream_id":0,"digistream":false,"_links":{"self":[{"href":"https:\/\/www.messinaoggi.it\/website\/wp-json\/wp\/v2\/posts\/93827"}],"collection":[{"href":"https:\/\/www.messinaoggi.it\/website\/wp-json\/wp\/v2\/posts"}],"about":[{"href":"https:\/\/www.messinaoggi.it\/website\/wp-json\/wp\/v2\/types\/post"}],"author":[{"embeddable":true,"href":"https:\/\/www.messinaoggi.it\/website\/wp-json\/wp\/v2\/users\/18"}],"replies":[{"embeddable":true,"href":"https:\/\/www.messinaoggi.it\/website\/wp-json\/wp\/v2\/comments?post=93827"}],"version-history":[{"count":1,"href":"https:\/\/www.messinaoggi.it\/website\/wp-json\/wp\/v2\/posts\/93827\/revisions"}],"predecessor-version":[{"id":93846,"href":"https:\/\/www.messinaoggi.it\/website\/wp-json\/wp\/v2\/posts\/93827\/revisions\/93846"}],"wp:featuredmedia":[{"embeddable":true,"href":"https:\/\/www.messinaoggi.it\/website\/wp-json\/wp\/v2\/media\/93828"}],"wp:attachment":[{"href":"https:\/\/www.messinaoggi.it\/website\/wp-json\/wp\/v2\/media?parent=93827"}],"wp:term":[{"taxonomy":"category","embeddable":true,"href":"https:\/\/www.messinaoggi.it\/website\/wp-json\/wp\/v2\/categories?post=93827"},{"taxonomy":"post_tag","embeddable":true,"href":"https:\/\/www.messinaoggi.it\/website\/wp-json\/wp\/v2\/tags?post=93827"}],"curies":[{"name":"wp","href":"https:\/\/api.w.org\/{rel}","templated":true}]}}