{"id":93818,"date":"2022-01-16T16:07:40","date_gmt":"2022-01-16T15:07:40","guid":{"rendered":"https:\/\/www.messinaoggi.it\/website\/2022\/01\/16\/covid-sileri-le-regole-verranno-alleggerite-presto-valutare-i-dati\/"},"modified":"2022-01-16T16:07:40","modified_gmt":"2022-01-16T15:07:40","slug":"covid-sileri-le-regole-verranno-alleggerite-presto-valutare-i-dati","status":"publish","type":"post","link":"https:\/\/www.messinaoggi.it\/website\/2022\/01\/16\/covid-sileri-le-regole-verranno-alleggerite-presto-valutare-i-dati\/","title":{"rendered":"Covid, Sileri \u201cLe regole verranno alleggerite presto, valutare i dati\u201d"},"content":{"rendered":"<div>ROMA (ITALPRESS) &#8211; &#8220;Ora il Covid non \u00e8 una semplice influenza, ma \u00e8 pi\u00f9 vicina a esserlo per chi \u00e8 vaccinato. Le regole verranno alleggerite. Quando? Credo molto presto, vediamo adesso come andranno i contagi. Oggi con questa nuova variante si pu\u00f2 distinguere con pi\u00f9 facilit\u00e0 un positivo e un malato. Se sei vaccinato sei pi\u00f9 protetto&#8221;. Lo ha detto Pierpaolo Sileri, sottosegretario alla Salute, ospite di &#8220;Domenica In&#8221; su Rai 1.<br \/>(ITALPRESS).<\/div>\n<div id=\"div-gpt-ad-Messinaoggi.it-DSK-300x250-corpoart\" style=\"text-align:center;margin:0 auto;\"><\/div><\/p><div id=\"videoincontent\" style=\"clear:both\";><\/div>","protected":false},"excerpt":{"rendered":"<p>ROMA (ITALPRESS) &#8211; &#8220;Ora il Covid non \u00e8 una semplice influenza, ma \u00e8 pi\u00f9 vicina a esserlo per chi \u00e8 vaccinato. Le regole verranno alleggerite. Quando? Credo molto presto, vediamo adesso come andranno i contagi. Oggi con questa nuova variante si pu\u00f2 distinguere con pi\u00f9 facilit\u00e0 un positivo e un malato. Se sei vaccinato sei [&hellip;]<\/p>\n","protected":false},"author":18,"featured_media":93819,"comment_status":"closed","ping_status":"closed","sticky":false,"template":"","format":"standard","meta":{"ub_ctt_via":"","_mi_skip_tracking":false},"categories":[446],"tags":[783],"featured_image_src":"https:\/\/www.messinaoggi.it\/website\/wp-content\/uploads\/2022\/01\/20220116_0677.jpg","author_info":{"display_name":"Admin","author_link":"https:\/\/www.messinaoggi.it\/website\/author\/admin\/"},"digistream_id":0,"digistream":false,"_links":{"self":[{"href":"https:\/\/www.messinaoggi.it\/website\/wp-json\/wp\/v2\/posts\/93818"}],"collection":[{"href":"https:\/\/www.messinaoggi.it\/website\/wp-json\/wp\/v2\/posts"}],"about":[{"href":"https:\/\/www.messinaoggi.it\/website\/wp-json\/wp\/v2\/types\/post"}],"author":[{"embeddable":true,"href":"https:\/\/www.messinaoggi.it\/website\/wp-json\/wp\/v2\/users\/18"}],"replies":[{"embeddable":true,"href":"https:\/\/www.messinaoggi.it\/website\/wp-json\/wp\/v2\/comments?post=93818"}],"version-history":[{"count":0,"href":"https:\/\/www.messinaoggi.it\/website\/wp-json\/wp\/v2\/posts\/93818\/revisions"}],"wp:featuredmedia":[{"embeddable":true,"href":"https:\/\/www.messinaoggi.it\/website\/wp-json\/wp\/v2\/media\/93819"}],"wp:attachment":[{"href":"https:\/\/www.messinaoggi.it\/website\/wp-json\/wp\/v2\/media?parent=93818"}],"wp:term":[{"taxonomy":"category","embeddable":true,"href":"https:\/\/www.messinaoggi.it\/website\/wp-json\/wp\/v2\/categories?post=93818"},{"taxonomy":"post_tag","embeddable":true,"href":"https:\/\/www.messinaoggi.it\/website\/wp-json\/wp\/v2\/tags?post=93818"}],"curies":[{"name":"wp","href":"https:\/\/api.w.org\/{rel}","templated":true}]}}