{"id":93816,"date":"2022-01-16T16:07:38","date_gmt":"2022-01-16T15:07:38","guid":{"rendered":"https:\/\/www.messinaoggi.it\/website\/2022\/01\/16\/quirinale-fico-elezione-entro-il-3-febbraio-non-ci-saranno-ricorsi\/"},"modified":"2022-01-16T16:07:38","modified_gmt":"2022-01-16T15:07:38","slug":"quirinale-fico-elezione-entro-il-3-febbraio-non-ci-saranno-ricorsi","status":"publish","type":"post","link":"https:\/\/www.messinaoggi.it\/website\/2022\/01\/16\/quirinale-fico-elezione-entro-il-3-febbraio-non-ci-saranno-ricorsi\/","title":{"rendered":"Quirinale, Fico \u201cElezione entro il 3 febbraio, non ci saranno ricorsi\u201d"},"content":{"rendered":"<div>ROMA (ITALPRESS) &#8211; &#8220;Per me \u00e8 una grandissima responsabilit\u00e0 come lo sono stati questi due ultimi anni. Il Parlamento \u00e8 rimasto sempre aperto. Abbiamo finito tutti i protocolli di sicurezza, si parte il 24 gennaio alle 15, si voter\u00e0 per blocchi da 50 e si partir\u00e0 dai senatori a vita. Entreranno in Aula, si siederanno, si sanificheranno le mani, voteranno e usciranno. E si andr\u00e0 avanti in questo modo. Il catafalco? Facciamo una cabina pi\u00f9 grande e spaziosa che \u00e8 maggiormente sanificabile e quindi pi\u00f9 sicura. Non ci saranno le tendine, sar\u00e0 pi\u00f9 come una cabina elettorale&#8221;. Cos\u00ec il presidente della Camera, Roberto Fico, a &#8220;Mezz&#8217;ora in pi\u00f9&#8221; su Rai3, in merito all&#8217;elezione del nuovo presidente della Repubblica.<br \/>&#8220;Al momento i positivi sono 29 alla Camera e non possono votare in base alla normativa vigente e questo non costituisce nessuna violazione di procedura costituzionale &#8211; sottolinea Fico -. L&#8217;emergenza sanitaria \u00e8 conclamata e importante, non dobbiamo dare messaggi sbagliati o poco univoci alle cittadinanza. I positivi al Senato forse sono tra i 6 e gli 8, non conosco il numero preciso, ma la curva \u00e8 in discesa come per i deputati&#8221;.<br \/>&#8220;I no vax possono entrare alla Camera con il tampone e dunque possono venire a votare&#8221;, aggiunge.<br \/>&#8220;Il presidente in carica scade il 3 febbraio? Abbiamo molti giorni di votazione, arrivare oltre mi sembrerebbe molto sui generis. Sono fiducioso perch\u00e8 ci sono tante votazioni e si andr\u00e0 avanti a oltranza anche sabato e domenica. Vedo meno la proroga del presidente della Repubblica e pi\u00f9 il Presidente del Senato a interim. Ma l&#8217;auspicio \u00e8 che il 3 febbraio ci sia il presidente e mi auguro che tutte le forze politiche arrivino a un nome condiviso&#8221;, dice ancora Fico.<br \/>&#8220;Rischio di ricorsi? No. Credo che dal 24 gennaio al 3 febbraio, guardando anche i Presidenti precedenti, dovremmo farcela. Da Presidente della Camera devo avere fiducia nelle forze politiche che facciano la scelta giusta soprattutto in un periodo molto difficile, la responsabilit\u00e0 \u00e8 molto alta, pi\u00f9 che in passato data l&#8217;emergenza&#8221;.<br \/>(ITALPRESS).<\/div>\n<div id=\"div-gpt-ad-Messinaoggi.it-DSK-300x250-corpoart\" style=\"text-align:center;margin:0 auto;\"><\/div><\/p><div id=\"videoincontent\" style=\"clear:both\";><\/div>","protected":false},"excerpt":{"rendered":"<p>ROMA (ITALPRESS) &#8211; &#8220;Per me \u00e8 una grandissima responsabilit\u00e0 come lo sono stati questi due ultimi anni. Il Parlamento \u00e8 rimasto sempre aperto. Abbiamo finito tutti i protocolli di sicurezza, si parte il 24 gennaio alle 15, si voter\u00e0 per blocchi da 50 e si partir\u00e0 dai senatori a vita. Entreranno in Aula, si siederanno, [&hellip;]<\/p>\n","protected":false},"author":18,"featured_media":93817,"comment_status":"closed","ping_status":"closed","sticky":false,"template":"","format":"standard","meta":{"ub_ctt_via":"","_mi_skip_tracking":false},"categories":[446],"tags":[783],"featured_image_src":"https:\/\/www.messinaoggi.it\/website\/wp-content\/uploads\/2022\/01\/20220116_0657.jpg","author_info":{"display_name":"Admin","author_link":"https:\/\/www.messinaoggi.it\/website\/author\/admin\/"},"digistream_id":0,"digistream":false,"_links":{"self":[{"href":"https:\/\/www.messinaoggi.it\/website\/wp-json\/wp\/v2\/posts\/93816"}],"collection":[{"href":"https:\/\/www.messinaoggi.it\/website\/wp-json\/wp\/v2\/posts"}],"about":[{"href":"https:\/\/www.messinaoggi.it\/website\/wp-json\/wp\/v2\/types\/post"}],"author":[{"embeddable":true,"href":"https:\/\/www.messinaoggi.it\/website\/wp-json\/wp\/v2\/users\/18"}],"replies":[{"embeddable":true,"href":"https:\/\/www.messinaoggi.it\/website\/wp-json\/wp\/v2\/comments?post=93816"}],"version-history":[{"count":0,"href":"https:\/\/www.messinaoggi.it\/website\/wp-json\/wp\/v2\/posts\/93816\/revisions"}],"wp:featuredmedia":[{"embeddable":true,"href":"https:\/\/www.messinaoggi.it\/website\/wp-json\/wp\/v2\/media\/93817"}],"wp:attachment":[{"href":"https:\/\/www.messinaoggi.it\/website\/wp-json\/wp\/v2\/media?parent=93816"}],"wp:term":[{"taxonomy":"category","embeddable":true,"href":"https:\/\/www.messinaoggi.it\/website\/wp-json\/wp\/v2\/categories?post=93816"},{"taxonomy":"post_tag","embeddable":true,"href":"https:\/\/www.messinaoggi.it\/website\/wp-json\/wp\/v2\/tags?post=93816"}],"curies":[{"name":"wp","href":"https:\/\/api.w.org\/{rel}","templated":true}]}}