{"id":93795,"date":"2022-01-16T12:07:40","date_gmt":"2022-01-16T11:07:40","guid":{"rendered":"https:\/\/www.messinaoggi.it\/website\/2022\/01\/16\/scuola-bianchi-nessun-disastro-dopo-la-riapertura\/"},"modified":"2022-01-16T12:07:40","modified_gmt":"2022-01-16T11:07:40","slug":"scuola-bianchi-nessun-disastro-dopo-la-riapertura","status":"publish","type":"post","link":"https:\/\/www.messinaoggi.it\/website\/2022\/01\/16\/scuola-bianchi-nessun-disastro-dopo-la-riapertura\/","title":{"rendered":"Scuola, Bianchi \u201cNessun disastro dopo la riapertura\u201d"},"content":{"rendered":"<div>ROMA (ITALPRESS) &#8211; &#8220;Non c&#8217;\u00e8 stato il famoso disastro che ci doveva essere con la riapertura della scuola&#8221;. Lo ha detto al &#8220;Caff\u00e8 della Domenica&#8221;, su Radio24, il ministro dell&#8217;Istruzione Patrizio Bianchi.<br \/>&#8220;Ci sono stati disagi differenziati zona per zona, ma la scuola ha riaperto e si \u00e8 affermata la convinzione che la scuola sia un elemento fondante, \u00e8 la priorit\u00e0, un diritto&#8221;.<br \/>Il ministro ha poi spiegato che \u00e8 in corso una &#8220;riflessione&#8221; per semplificare la certificazione per il rientro a scuola degli alunni che sono stati contagiati dal Covid e sono guariti.<br \/>(ITALPRESS).<\/div>\n<div id=\"div-gpt-ad-Messinaoggi.it-DSK-300x250-corpoart\" style=\"text-align:center;margin:0 auto;\"><\/div><\/p><div id=\"videoincontent\" style=\"clear:both\";><\/div>","protected":false},"excerpt":{"rendered":"<p>ROMA (ITALPRESS) &#8211; &#8220;Non c&#8217;\u00e8 stato il famoso disastro che ci doveva essere con la riapertura della scuola&#8221;. Lo ha detto al &#8220;Caff\u00e8 della Domenica&#8221;, su Radio24, il ministro dell&#8217;Istruzione Patrizio Bianchi.&#8220;Ci sono stati disagi differenziati zona per zona, ma la scuola ha riaperto e si \u00e8 affermata la convinzione che la scuola sia un [&hellip;]<\/p>\n","protected":false},"author":18,"featured_media":93796,"comment_status":"closed","ping_status":"closed","sticky":false,"template":"","format":"standard","meta":{"ub_ctt_via":"","_mi_skip_tracking":false},"categories":[446],"tags":[783],"featured_image_src":"https:\/\/www.messinaoggi.it\/website\/wp-content\/uploads\/2022\/01\/20220116_0195.jpg","author_info":{"display_name":"Admin","author_link":"https:\/\/www.messinaoggi.it\/website\/author\/admin\/"},"digistream_id":0,"digistream":false,"_links":{"self":[{"href":"https:\/\/www.messinaoggi.it\/website\/wp-json\/wp\/v2\/posts\/93795"}],"collection":[{"href":"https:\/\/www.messinaoggi.it\/website\/wp-json\/wp\/v2\/posts"}],"about":[{"href":"https:\/\/www.messinaoggi.it\/website\/wp-json\/wp\/v2\/types\/post"}],"author":[{"embeddable":true,"href":"https:\/\/www.messinaoggi.it\/website\/wp-json\/wp\/v2\/users\/18"}],"replies":[{"embeddable":true,"href":"https:\/\/www.messinaoggi.it\/website\/wp-json\/wp\/v2\/comments?post=93795"}],"version-history":[{"count":0,"href":"https:\/\/www.messinaoggi.it\/website\/wp-json\/wp\/v2\/posts\/93795\/revisions"}],"wp:featuredmedia":[{"embeddable":true,"href":"https:\/\/www.messinaoggi.it\/website\/wp-json\/wp\/v2\/media\/93796"}],"wp:attachment":[{"href":"https:\/\/www.messinaoggi.it\/website\/wp-json\/wp\/v2\/media?parent=93795"}],"wp:term":[{"taxonomy":"category","embeddable":true,"href":"https:\/\/www.messinaoggi.it\/website\/wp-json\/wp\/v2\/categories?post=93795"},{"taxonomy":"post_tag","embeddable":true,"href":"https:\/\/www.messinaoggi.it\/website\/wp-json\/wp\/v2\/tags?post=93795"}],"curies":[{"name":"wp","href":"https:\/\/api.w.org\/{rel}","templated":true}]}}