{"id":93791,"date":"2022-01-16T11:07:33","date_gmt":"2022-01-16T10:07:33","guid":{"rendered":"https:\/\/www.messinaoggi.it\/website\/2022\/01\/16\/djokovic-perde-il-ricorso-sara-espulso-dallaustralia\/"},"modified":"2022-01-16T11:07:33","modified_gmt":"2022-01-16T10:07:33","slug":"djokovic-perde-il-ricorso-sara-espulso-dallaustralia","status":"publish","type":"post","link":"https:\/\/www.messinaoggi.it\/website\/2022\/01\/16\/djokovic-perde-il-ricorso-sara-espulso-dallaustralia\/","title":{"rendered":"Djokovic perde il ricorso, sar\u00e0 espulso dall\u2019Australia"},"content":{"rendered":"<div>MELBOURNE (AUSTRALIA) (ITALPRESS) &#8211; Dopo undici giorni di battaglie legali, termina la &#8216;telenovel\u00e0 con Novak Djokovic protagonista. Il fuoriclasse serbo dovr\u00e0 tornare in patria e non potr\u00e0 giocare l&#8217;Australian Open 2022. Questo il verdetto della Federal Court per il ricorso contro la seconda cancellazione del visto del serbo, stavolta decisa dal ministro per l&#8217;immigrazione Alex Hawke che ha esercitato il suo potere personale previsto dal Migration Act del 1958. &#8216;Nol\u00e8, non vaccinato contro il Covid-19 ma in possesso di un&#8217;esenzione per avvenuta malattia lo scorso 16 dicembre, aveva ammesso anche degli errori sui suoi spostamenti nelle due settimane antecedenti il suo sbarco a Melbourne, compresa la decisione di non rinunciare, nonostante la positivit\u00e0, ad un&#8217;intervista a L&#8217;Equipe il 18 dicembre. &#8220;Sono estremamente deluso dalla decisione della Corte di respingere il ricorso contro la decisione del ministro (Hawke, ndr) di revocare il mio visto, per cui non potr\u00f2 rimanere in Australia e giocare l&#8217;Australian Open &#8211; ha dichiarato Djokovic in una nota &#8211; Rispetto la sentenza della Corte e collaborer\u00f2 con le autorit\u00e0 competenti per il mio rimpatrio &#8211; ha aggiunto il campione di Belgrado &#8211; Mi spiace che tutta l&#8217;attenzione sia stata su di me nelle ultime settimane, spero che adesso possiamo tutti concentrarci sul gioco e sul torneo che amo. Vorrei augurare il meglio ai giocatori, agli ufficiali, allo staff, ai volontari e ai tifosi&#8221;. &#8220;Infine, vorrei ringraziare la mia famiglia, gli amici, il mio team, i miei sostenitori e i miei connazionali serbi per il vostro continuo supporto. Mi avete dato grande forza&#8221;, ha concluso &#8216;Nol\u00e8, che nel tabellone del primo Slam stagionale sar\u00e0 sostituito dal &#8216;ripescat\u00f2 Salvatore Caruso.<br \/>(ITALPRESS).<\/div>\n<div id=\"div-gpt-ad-Messinaoggi.it-DSK-300x250-corpoart\" style=\"text-align:center;margin:0 auto;\"><\/div><\/p><div id=\"videoincontent\" style=\"clear:both\";><\/div>","protected":false},"excerpt":{"rendered":"<p>MELBOURNE (AUSTRALIA) (ITALPRESS) &#8211; Dopo undici giorni di battaglie legali, termina la &#8216;telenovel\u00e0 con Novak Djokovic protagonista. Il fuoriclasse serbo dovr\u00e0 tornare in patria e non potr\u00e0 giocare l&#8217;Australian Open 2022. Questo il verdetto della Federal Court per il ricorso contro la seconda cancellazione del visto del serbo, stavolta decisa dal ministro per l&#8217;immigrazione Alex [&hellip;]<\/p>\n","protected":false},"author":18,"featured_media":93792,"comment_status":"closed","ping_status":"closed","sticky":false,"template":"","format":"standard","meta":{"ub_ctt_via":"","_mi_skip_tracking":false},"categories":[446],"tags":[783],"featured_image_src":"https:\/\/www.messinaoggi.it\/website\/wp-content\/uploads\/2022\/01\/20220116_0130.jpg","author_info":{"display_name":"Admin","author_link":"https:\/\/www.messinaoggi.it\/website\/author\/admin\/"},"digistream_id":0,"digistream":false,"_links":{"self":[{"href":"https:\/\/www.messinaoggi.it\/website\/wp-json\/wp\/v2\/posts\/93791"}],"collection":[{"href":"https:\/\/www.messinaoggi.it\/website\/wp-json\/wp\/v2\/posts"}],"about":[{"href":"https:\/\/www.messinaoggi.it\/website\/wp-json\/wp\/v2\/types\/post"}],"author":[{"embeddable":true,"href":"https:\/\/www.messinaoggi.it\/website\/wp-json\/wp\/v2\/users\/18"}],"replies":[{"embeddable":true,"href":"https:\/\/www.messinaoggi.it\/website\/wp-json\/wp\/v2\/comments?post=93791"}],"version-history":[{"count":0,"href":"https:\/\/www.messinaoggi.it\/website\/wp-json\/wp\/v2\/posts\/93791\/revisions"}],"wp:featuredmedia":[{"embeddable":true,"href":"https:\/\/www.messinaoggi.it\/website\/wp-json\/wp\/v2\/media\/93792"}],"wp:attachment":[{"href":"https:\/\/www.messinaoggi.it\/website\/wp-json\/wp\/v2\/media?parent=93791"}],"wp:term":[{"taxonomy":"category","embeddable":true,"href":"https:\/\/www.messinaoggi.it\/website\/wp-json\/wp\/v2\/categories?post=93791"},{"taxonomy":"post_tag","embeddable":true,"href":"https:\/\/www.messinaoggi.it\/website\/wp-json\/wp\/v2\/tags?post=93791"}],"curies":[{"name":"wp","href":"https:\/\/api.w.org\/{rel}","templated":true}]}}