{"id":93789,"date":"2022-01-16T10:43:58","date_gmt":"2022-01-16T09:43:58","guid":{"rendered":"http:\/\/www.messinaoggi.it\/website\/?p=93789"},"modified":"2022-01-16T10:46:47","modified_gmt":"2022-01-16T09:46:47","slug":"de-luca-lo-stato-ci-ha-sequestrato","status":"publish","type":"post","link":"https:\/\/www.messinaoggi.it\/website\/2022\/01\/16\/de-luca-lo-stato-ci-ha-sequestrato\/","title":{"rendered":"De Luca: &#8220;Lo Stato ci ha sequestrato&#8221;"},"content":{"rendered":"\n<p>&#8220;Lo Stato ci ha posto sotto sequestro violando il principio di continuit\u00e0 territoriale! S\u00ec al Super Green Pass per prendere i traghetti ma con gradualit\u00e0. Io da Villa San Giovanni vado in tutta Europa senza Super Green pass. Dalla Sicilia rimango in Sicilia e dall&#8217;Italia non posso andare in Sicilia&#8221;. Lo afferma il sindaco di Messina, Cateno De Luca, che questa mattina si \u00e8 accampato sul molo degli imbarcaderi privati. &#8220;Non ho ricevuto nessuna telefonata &#8211; spiega il primo cittadino &#8211; non dico dal ministro ma da un funzionario che mi dicesse &#8216;in effetti c&#8217;\u00e8 qualche incongruenza nella norma ci dia un attimo di tempo che provvediamo&#8217;. Non mi hanno chiamato il prefetto e nessun parlamentare di Messina&#8221;. Il sindaco chiede la &#8220;modifica della disciplina che riguarda il Green pass che viola la continuit\u00e0 territoriale che riguarda tutte le isole. Tante famiglie non possono uscire dalla Sicilia per interventi sanitari urgenti e tante che sono uscite dalla Sicilia non possono rientrare&#8221;.<div id=\"div-gpt-ad-Messinaoggi.it-DSK-300x250-corpoart\" style=\"text-align:center;margin:0 auto;\"><\/div><\/p>\n<div id=\"videoincontent\" style=\"clear:both\";><\/div>","protected":false},"excerpt":{"rendered":"<p>&#8220;Lo Stato ci ha posto sotto sequestro violando il principio di continuit\u00e0 territoriale! S\u00ec al Super Green Pass per prendere i traghetti ma con gradualit\u00e0. Io da Villa San Giovanni vado in tutta Europa senza Super Green pass. Dalla Sicilia rimango in Sicilia e dall&#8217;Italia non posso andare in Sicilia&#8221;. Lo afferma il sindaco di [&hellip;]<\/p>\n","protected":false},"author":4,"featured_media":42224,"comment_status":"open","ping_status":"open","sticky":false,"template":"","format":"standard","meta":{"ub_ctt_via":"","_mi_skip_tracking":false},"categories":[19],"tags":[134],"featured_image_src":"https:\/\/www.messinaoggi.it\/website\/wp-content\/uploads\/2020\/04\/C959CD7B-5624-4CE0-B331-F802C8E063A7.jpeg","author_info":{"display_name":"redme","author_link":"https:\/\/www.messinaoggi.it\/website\/author\/redme\/"},"digistream_id":0,"digistream":false,"_links":{"self":[{"href":"https:\/\/www.messinaoggi.it\/website\/wp-json\/wp\/v2\/posts\/93789"}],"collection":[{"href":"https:\/\/www.messinaoggi.it\/website\/wp-json\/wp\/v2\/posts"}],"about":[{"href":"https:\/\/www.messinaoggi.it\/website\/wp-json\/wp\/v2\/types\/post"}],"author":[{"embeddable":true,"href":"https:\/\/www.messinaoggi.it\/website\/wp-json\/wp\/v2\/users\/4"}],"replies":[{"embeddable":true,"href":"https:\/\/www.messinaoggi.it\/website\/wp-json\/wp\/v2\/comments?post=93789"}],"version-history":[{"count":1,"href":"https:\/\/www.messinaoggi.it\/website\/wp-json\/wp\/v2\/posts\/93789\/revisions"}],"predecessor-version":[{"id":93790,"href":"https:\/\/www.messinaoggi.it\/website\/wp-json\/wp\/v2\/posts\/93789\/revisions\/93790"}],"wp:featuredmedia":[{"embeddable":true,"href":"https:\/\/www.messinaoggi.it\/website\/wp-json\/wp\/v2\/media\/42224"}],"wp:attachment":[{"href":"https:\/\/www.messinaoggi.it\/website\/wp-json\/wp\/v2\/media?parent=93789"}],"wp:term":[{"taxonomy":"category","embeddable":true,"href":"https:\/\/www.messinaoggi.it\/website\/wp-json\/wp\/v2\/categories?post=93789"},{"taxonomy":"post_tag","embeddable":true,"href":"https:\/\/www.messinaoggi.it\/website\/wp-json\/wp\/v2\/tags?post=93789"}],"curies":[{"name":"wp","href":"https:\/\/api.w.org\/{rel}","templated":true}]}}