{"id":93786,"date":"2022-01-16T10:07:32","date_gmt":"2022-01-16T09:07:32","guid":{"rendered":"https:\/\/www.messinaoggi.it\/website\/2022\/01\/16\/covid-locatelli-la-curva-rallenta\/"},"modified":"2022-01-16T10:07:32","modified_gmt":"2022-01-16T09:07:32","slug":"covid-locatelli-la-curva-rallenta","status":"publish","type":"post","link":"https:\/\/www.messinaoggi.it\/website\/2022\/01\/16\/covid-locatelli-la-curva-rallenta\/","title":{"rendered":"Covid, Locatelli \u201cLa curva rallenta\u201d"},"content":{"rendered":"<div>ROMA (ITALPRESS) &#8211; &#8220;Certamente siamo in una situazione delicata e con numeri ancora crescenti per quel che riguarda l&#8217;incidenza d&#8217;infezioni. Tuttavia, la crescita percentuale dell&#8217;ultima settimana \u00e8 stata inferiore alla precedente e, negli ultimi giorni, vi sono evidenze di chiara decelerazione della curva epidemica in linea con quanto osservato in altri Paesi. Nel Regno Unito si sta assistendo alla riduzione dei ricoveri&#8221;. Lo afferma in un&#8217;intervista al Corriere della Sera Franco Locatelli, coordinatore del Comitato Tecnico Scientifico.<br \/>&#8220;La pressione sulle strutture sanitarie nelle ultime settimane \u00e8 decisamente aumentata &#8211; prosegue -. Il rischio da scongiurare \u00e8 di danneggiare i pazienti con patologie differenti dal Covid riducendo il numero di procedure mediche o chirurgiche&#8221;.<br \/>&#8220;A questo rischio pu\u00f2 contribuire anche un elevato numero di contagi tra gli operatori sanitari che \u00e8 certamente non trascurabile. Non possiamo parlare per\u00f2 di ospedali vicini al collasso &#8211; spiega Locatelli -. Nelle passate ondate come quella dello scorso inverno abbiamo avuto, pur in assenza di varianti cos\u00ec contagiose, numeri doppi di ricoverati sia nelle aree mediche sia nelle rianimazioni. E&#8217; il frutto del largo numero di vaccinazioni effettuate: quasi 120 milioni di dosi somministrate e 26 milioni di persone che hanno ricevuto la dose booster sono numeri straordinari e hanno consentito di proteggere largamente dal rischio di malattia grave o addirittura fatale gli italiani&#8221;.<br \/>(ITALPRESS).<\/div>\n<div id=\"div-gpt-ad-Messinaoggi.it-DSK-300x250-corpoart\" style=\"text-align:center;margin:0 auto;\"><\/div><\/p><div id=\"videoincontent\" style=\"clear:both\";><\/div>","protected":false},"excerpt":{"rendered":"<p>ROMA (ITALPRESS) &#8211; &#8220;Certamente siamo in una situazione delicata e con numeri ancora crescenti per quel che riguarda l&#8217;incidenza d&#8217;infezioni. Tuttavia, la crescita percentuale dell&#8217;ultima settimana \u00e8 stata inferiore alla precedente e, negli ultimi giorni, vi sono evidenze di chiara decelerazione della curva epidemica in linea con quanto osservato in altri Paesi. Nel Regno Unito [&hellip;]<\/p>\n","protected":false},"author":18,"featured_media":93787,"comment_status":"closed","ping_status":"closed","sticky":false,"template":"","format":"standard","meta":{"ub_ctt_via":"","_mi_skip_tracking":false},"categories":[446],"tags":[783],"featured_image_src":"https:\/\/www.messinaoggi.it\/website\/wp-content\/uploads\/2022\/01\/20220116_0096.jpg","author_info":{"display_name":"Admin","author_link":"https:\/\/www.messinaoggi.it\/website\/author\/admin\/"},"digistream_id":0,"digistream":false,"_links":{"self":[{"href":"https:\/\/www.messinaoggi.it\/website\/wp-json\/wp\/v2\/posts\/93786"}],"collection":[{"href":"https:\/\/www.messinaoggi.it\/website\/wp-json\/wp\/v2\/posts"}],"about":[{"href":"https:\/\/www.messinaoggi.it\/website\/wp-json\/wp\/v2\/types\/post"}],"author":[{"embeddable":true,"href":"https:\/\/www.messinaoggi.it\/website\/wp-json\/wp\/v2\/users\/18"}],"replies":[{"embeddable":true,"href":"https:\/\/www.messinaoggi.it\/website\/wp-json\/wp\/v2\/comments?post=93786"}],"version-history":[{"count":0,"href":"https:\/\/www.messinaoggi.it\/website\/wp-json\/wp\/v2\/posts\/93786\/revisions"}],"wp:featuredmedia":[{"embeddable":true,"href":"https:\/\/www.messinaoggi.it\/website\/wp-json\/wp\/v2\/media\/93787"}],"wp:attachment":[{"href":"https:\/\/www.messinaoggi.it\/website\/wp-json\/wp\/v2\/media?parent=93786"}],"wp:term":[{"taxonomy":"category","embeddable":true,"href":"https:\/\/www.messinaoggi.it\/website\/wp-json\/wp\/v2\/categories?post=93786"},{"taxonomy":"post_tag","embeddable":true,"href":"https:\/\/www.messinaoggi.it\/website\/wp-json\/wp\/v2\/tags?post=93786"}],"curies":[{"name":"wp","href":"https:\/\/api.w.org\/{rel}","templated":true}]}}