{"id":93771,"date":"2022-01-15T18:07:37","date_gmt":"2022-01-15T17:07:37","guid":{"rendered":"https:\/\/www.messinaoggi.it\/website\/2022\/01\/15\/quirinale-salvini-al-lavoro-per-unire-senza-veti-e-arroganza\/"},"modified":"2022-01-15T18:07:37","modified_gmt":"2022-01-15T17:07:37","slug":"quirinale-salvini-al-lavoro-per-unire-senza-veti-e-arroganza","status":"publish","type":"post","link":"https:\/\/www.messinaoggi.it\/website\/2022\/01\/15\/quirinale-salvini-al-lavoro-per-unire-senza-veti-e-arroganza\/","title":{"rendered":"Quirinale, Salvini \u201cAl lavoro per unire, senza veti e arroganza\u201d"},"content":{"rendered":"<div>ROMA (ITALPRESS) &#8211; &#8220;Dopo decenni di nomi proposti o imposti dalla sinistra, questa volta i numeri (in Parlamento e nel Paese) offrono l&#8217;onore e l&#8217;onere di avanzare una proposta al centrodestra, quindi non accettiamo veti, esclusioni o arroganze&#8221;. Lo dice il leader della Lega Matteo Salvini. Che precisa: &#8220;Se qualcuno a sinistra vuole tirare per la giacchetta il Presidente Mattarella manca di rispetto soprattutto a lui, che pi\u00f9 volte ha ribadito l&#8217;indisponibilit\u00e0 a un secondo mandato. Allo stesso modo, il premier Draghi \u00e8 impegnato per affrontare l&#8217;emergenza sanitaria ed economica: ipotizzare per lui un altro ruolo \u00e8 una mancanza di rispetto al Presidente del Consiglio e al Paese&#8221;. <br \/>Salvini ricorda: &#8220;Abbiamo ancora una settimana per lavorare insieme, spero che nessuno (a partire dai leader) si sottragga  alla responsabilit\u00e0 di rafforzare il governo e &#8211; insieme a Draghi &#8211;  affrontare mesi difficili e impegnativi. Lavoro per unire&#8221;.<br \/>(ITALPRESS).<\/div>\n<div id=\"div-gpt-ad-Messinaoggi.it-DSK-300x250-corpoart\" style=\"text-align:center;margin:0 auto;\"><\/div><\/p><div id=\"videoincontent\" style=\"clear:both\";><\/div>","protected":false},"excerpt":{"rendered":"<p>ROMA (ITALPRESS) &#8211; &#8220;Dopo decenni di nomi proposti o imposti dalla sinistra, questa volta i numeri (in Parlamento e nel Paese) offrono l&#8217;onore e l&#8217;onere di avanzare una proposta al centrodestra, quindi non accettiamo veti, esclusioni o arroganze&#8221;. Lo dice il leader della Lega Matteo Salvini. Che precisa: &#8220;Se qualcuno a sinistra vuole tirare per [&hellip;]<\/p>\n","protected":false},"author":18,"featured_media":93772,"comment_status":"closed","ping_status":"closed","sticky":false,"template":"","format":"standard","meta":{"ub_ctt_via":"","_mi_skip_tracking":false},"categories":[446],"tags":[783],"featured_image_src":"https:\/\/www.messinaoggi.it\/website\/wp-content\/uploads\/2022\/01\/20220115_1383.jpg","author_info":{"display_name":"Admin","author_link":"https:\/\/www.messinaoggi.it\/website\/author\/admin\/"},"digistream_id":0,"digistream":false,"_links":{"self":[{"href":"https:\/\/www.messinaoggi.it\/website\/wp-json\/wp\/v2\/posts\/93771"}],"collection":[{"href":"https:\/\/www.messinaoggi.it\/website\/wp-json\/wp\/v2\/posts"}],"about":[{"href":"https:\/\/www.messinaoggi.it\/website\/wp-json\/wp\/v2\/types\/post"}],"author":[{"embeddable":true,"href":"https:\/\/www.messinaoggi.it\/website\/wp-json\/wp\/v2\/users\/18"}],"replies":[{"embeddable":true,"href":"https:\/\/www.messinaoggi.it\/website\/wp-json\/wp\/v2\/comments?post=93771"}],"version-history":[{"count":0,"href":"https:\/\/www.messinaoggi.it\/website\/wp-json\/wp\/v2\/posts\/93771\/revisions"}],"wp:featuredmedia":[{"embeddable":true,"href":"https:\/\/www.messinaoggi.it\/website\/wp-json\/wp\/v2\/media\/93772"}],"wp:attachment":[{"href":"https:\/\/www.messinaoggi.it\/website\/wp-json\/wp\/v2\/media?parent=93771"}],"wp:term":[{"taxonomy":"category","embeddable":true,"href":"https:\/\/www.messinaoggi.it\/website\/wp-json\/wp\/v2\/categories?post=93771"},{"taxonomy":"post_tag","embeddable":true,"href":"https:\/\/www.messinaoggi.it\/website\/wp-json\/wp\/v2\/tags?post=93771"}],"curies":[{"name":"wp","href":"https:\/\/api.w.org\/{rel}","templated":true}]}}