{"id":93765,"date":"2022-01-15T16:07:32","date_gmt":"2022-01-15T15:07:32","guid":{"rendered":"https:\/\/www.messinaoggi.it\/website\/2022\/01\/15\/mourinho-contento-del-lavoro-del-club-sul-mercato\/"},"modified":"2022-01-15T16:07:32","modified_gmt":"2022-01-15T15:07:32","slug":"mourinho-contento-del-lavoro-del-club-sul-mercato","status":"publish","type":"post","link":"https:\/\/www.messinaoggi.it\/website\/2022\/01\/15\/mourinho-contento-del-lavoro-del-club-sul-mercato\/","title":{"rendered":"Mourinho \u201cContento del lavoro del club sul mercato\u201d"},"content":{"rendered":"<div>ROMA (ITALPRESS) &#8211; Il 2022 della Roma di Jos\u00e8 Mourinho si \u00e8 aperto con due sconfitte contro Milan e Juventus. Il calendario mette ora di fronte i giallorossi contro il Cagliari di Mazzarri che al contrario le prime due dell&#8217;anno le ha vinte. Una squadra che &#8220;a fine stagione non sar\u00e0 l\u00ec in fondo in classifica&#8221;, spiega Mourinho in conferenza stampa, perch\u00e8 &#8220;ha un allenatore di esperienza e giocatori bravi. Verr\u00e0 qui a Roma per fare punti ma per noi \u00e8 una gara molto importante dopo aver perso le ultime due&#8221;. Sar\u00e0 una formazione a due facce quella che il portoghese dovr\u00e0 schierare dal 1&#8242; di fronte ai 5.000 (&#8220;Mi dispiace per i tifosi, per noi \u00e8 praticamente uno stadio vuoto&#8221;) dell&#8217;Olimpico. Abbondanza dal centrocampo in su, emergenza in difesa. Oltre a Ibanez (squalificato), Smalling e Karsdorp vanno verso il forfait: &#8220;Non si sono allenati, come El Shaarawy (affaticamento flessore) che ha saltato una sola seduta. Ma aspettiamo l&#8217;allenamento di stasera&#8221;. Pronti quindi Maitland-Niles e Kumbulla per completare la linea a quattro con Mancini e Vina. <br \/>A centrocampo invece spazio a Veretout (squalificato Cristante) e al nuovo acquisto Sergio Oliveira: &#8220;Non mi aspettavo il suo acquisto in prestito, la societ\u00e0 \u00e8 stata brava &#8211; ha spiegato &#8211; Non ho mai fatto questo nome, quando si \u00e8 presentata la possibilit\u00e0, ho detto subito di s\u00ec. Ma non per questione di ruolo perch\u00e8 non \u00e8 un regista, \u00e8 un giocatore diverso ma ha la personalit\u00e0 e l&#8217;esperienza che cerchiamo. Lui e Maitland-Niles migliorano la nostra squadra&#8221;. C&#8217;\u00e8 ancora tempo per la sessione di riparazione, ma Mourinho spiega: &#8220;Sono contento dell&#8217;operato della dirigenza perch\u00e8 conosco il profilo del nostro mercato. Riconosco e ringrazio il lavoro della societ\u00e0 per migliorare la rosa. Non mi aspetto un terzo acquisto&#8221;. Sul fronte offensivo Mourinho dovrebbe schierare l&#8217;attacco titolare con Zaniolo, Pellegrini e Mkhitaryan alle spalle di Abraham. E&#8217; ancora lontano invece il recupero di Spinazzola, fermo da luglio per la rottura del tendine di Achille sinistro agli Europei: &#8220;Qualche pazzo in estate ha detto che Spinazzola a novembre sarebbe stato pronto. Lo ha detto lui stesso? E&#8217; un pazzo anche lui o super ottimista &#8211; ride lo special one &#8211; ma qualcuno l&#8217;ha convinto. E&#8217; un infortunio impossibile da recuperare in cos\u00ec pochi mesi &#8211; spiega il tecnico &#8211; Se torna a maggio o a met\u00e0 aprile, sar\u00f2 contento. A lui dico sempre la stessa cosa: manca un giorno in meno&#8221;.<br \/>(ITALPRESS).<\/div>\n<div id=\"div-gpt-ad-Messinaoggi.it-DSK-300x250-corpoart\" style=\"text-align:center;margin:0 auto;\"><\/div><\/p><div id=\"videoincontent\" style=\"clear:both\";><\/div>","protected":false},"excerpt":{"rendered":"<p>ROMA (ITALPRESS) &#8211; Il 2022 della Roma di Jos\u00e8 Mourinho si \u00e8 aperto con due sconfitte contro Milan e Juventus. Il calendario mette ora di fronte i giallorossi contro il Cagliari di Mazzarri che al contrario le prime due dell&#8217;anno le ha vinte. Una squadra che &#8220;a fine stagione non sar\u00e0 l\u00ec in fondo in [&hellip;]<\/p>\n","protected":false},"author":18,"featured_media":93766,"comment_status":"closed","ping_status":"closed","sticky":false,"template":"","format":"standard","meta":{"ub_ctt_via":"","_mi_skip_tracking":false},"categories":[446],"tags":[783],"featured_image_src":"https:\/\/www.messinaoggi.it\/website\/wp-content\/uploads\/2022\/01\/20220115_0966.jpg","author_info":{"display_name":"Admin","author_link":"https:\/\/www.messinaoggi.it\/website\/author\/admin\/"},"digistream_id":0,"digistream":false,"_links":{"self":[{"href":"https:\/\/www.messinaoggi.it\/website\/wp-json\/wp\/v2\/posts\/93765"}],"collection":[{"href":"https:\/\/www.messinaoggi.it\/website\/wp-json\/wp\/v2\/posts"}],"about":[{"href":"https:\/\/www.messinaoggi.it\/website\/wp-json\/wp\/v2\/types\/post"}],"author":[{"embeddable":true,"href":"https:\/\/www.messinaoggi.it\/website\/wp-json\/wp\/v2\/users\/18"}],"replies":[{"embeddable":true,"href":"https:\/\/www.messinaoggi.it\/website\/wp-json\/wp\/v2\/comments?post=93765"}],"version-history":[{"count":0,"href":"https:\/\/www.messinaoggi.it\/website\/wp-json\/wp\/v2\/posts\/93765\/revisions"}],"wp:featuredmedia":[{"embeddable":true,"href":"https:\/\/www.messinaoggi.it\/website\/wp-json\/wp\/v2\/media\/93766"}],"wp:attachment":[{"href":"https:\/\/www.messinaoggi.it\/website\/wp-json\/wp\/v2\/media?parent=93765"}],"wp:term":[{"taxonomy":"category","embeddable":true,"href":"https:\/\/www.messinaoggi.it\/website\/wp-json\/wp\/v2\/categories?post=93765"},{"taxonomy":"post_tag","embeddable":true,"href":"https:\/\/www.messinaoggi.it\/website\/wp-json\/wp\/v2\/tags?post=93765"}],"curies":[{"name":"wp","href":"https:\/\/api.w.org\/{rel}","templated":true}]}}