{"id":93763,"date":"2022-01-15T15:07:36","date_gmt":"2022-01-15T14:07:36","guid":{"rendered":"https:\/\/www.messinaoggi.it\/website\/2022\/01\/15\/il-genoa-esonera-andriy-shevchenko\/"},"modified":"2022-01-15T15:07:36","modified_gmt":"2022-01-15T14:07:36","slug":"il-genoa-esonera-andriy-shevchenko","status":"publish","type":"post","link":"https:\/\/www.messinaoggi.it\/website\/2022\/01\/15\/il-genoa-esonera-andriy-shevchenko\/","title":{"rendered":"Il Genoa esonera Andriy Shevchenko"},"content":{"rendered":"<div>GENOVA (ITALPRESS) &#8211; Andriy Shevchenko non \u00e8 pi\u00f9 l&#8217;allenatore del Genoa. A renderlo noto \u00e8 lo stesso club rossobl\u00f9 attraverso un comunicato nel quale la societ\u00e0 &#8220;ringrazia l&#8217;allenatore e il suo staff per il lavoro svolto con impegno in questi mesi&#8221;. &#8220;La guida tecnica della Prima Squadra &#8211; prosegue la nota &#8211; sar\u00e0 affidata temporaneamente a mister Abdoulay Konko, coadiuvato da Roberto Murgita&#8221;. Si tratta del sesto cambio in panchina in serie A: i primi due esoneri si sono registrati dopo appena tre giornate con Cagliari e Verona che decidono di sostituire Leonardo Semplici ed Eusebio Di Francesco con Walter Mazzarri e Igor Tudor. Il terzo cambio in panchina arriva dopo l&#8217;ottava giornata con Stefano Colantuono che sostituisce Fabrizio Castori alla guida della Salernitana. L&#8217;anticipo del 12esimo turno e i 9 punti raccolti fino a quel momento segnano invece la fine dell&#8217;avventura di Davide Ballardini al Genoa che chiama Andriy Shevchenko. E dopo la 16a giornata arriva l&#8217;esonero di Luca Gotti dall&#8217;Udinese a seguito della sconfitta per 3-1 in casa Empoli: al suo posto soluzione ad interim con Gabriele Cioffi. Adesso, in vista della 22a giornata, l&#8217;esonero di Shevchenko che \u00e8 rimasto alla guida dei rossobl\u00f9 per 11 gare complessive ottenendo 3 pareggi in campionato, 1 vittoria in Coppa Italia e 7 sconfitte, l&#8217;ultima proprio nella coppa nazionale a San Siro contro il Milan, ai supplementari.<br \/>(ITALPRESS).<\/div>\n<div id=\"div-gpt-ad-Messinaoggi.it-DSK-300x250-corpoart\" style=\"text-align:center;margin:0 auto;\"><\/div><\/p><div id=\"videoincontent\" style=\"clear:both\";><\/div>","protected":false},"excerpt":{"rendered":"<p>GENOVA (ITALPRESS) &#8211; Andriy Shevchenko non \u00e8 pi\u00f9 l&#8217;allenatore del Genoa. A renderlo noto \u00e8 lo stesso club rossobl\u00f9 attraverso un comunicato nel quale la societ\u00e0 &#8220;ringrazia l&#8217;allenatore e il suo staff per il lavoro svolto con impegno in questi mesi&#8221;. &#8220;La guida tecnica della Prima Squadra &#8211; prosegue la nota &#8211; sar\u00e0 affidata temporaneamente [&hellip;]<\/p>\n","protected":false},"author":18,"featured_media":93764,"comment_status":"closed","ping_status":"closed","sticky":false,"template":"","format":"standard","meta":{"ub_ctt_via":"","_mi_skip_tracking":false},"categories":[446],"tags":[783],"featured_image_src":"https:\/\/www.messinaoggi.it\/website\/wp-content\/uploads\/2022\/01\/20220115_0860.jpg","author_info":{"display_name":"Admin","author_link":"https:\/\/www.messinaoggi.it\/website\/author\/admin\/"},"digistream_id":0,"digistream":false,"_links":{"self":[{"href":"https:\/\/www.messinaoggi.it\/website\/wp-json\/wp\/v2\/posts\/93763"}],"collection":[{"href":"https:\/\/www.messinaoggi.it\/website\/wp-json\/wp\/v2\/posts"}],"about":[{"href":"https:\/\/www.messinaoggi.it\/website\/wp-json\/wp\/v2\/types\/post"}],"author":[{"embeddable":true,"href":"https:\/\/www.messinaoggi.it\/website\/wp-json\/wp\/v2\/users\/18"}],"replies":[{"embeddable":true,"href":"https:\/\/www.messinaoggi.it\/website\/wp-json\/wp\/v2\/comments?post=93763"}],"version-history":[{"count":0,"href":"https:\/\/www.messinaoggi.it\/website\/wp-json\/wp\/v2\/posts\/93763\/revisions"}],"wp:featuredmedia":[{"embeddable":true,"href":"https:\/\/www.messinaoggi.it\/website\/wp-json\/wp\/v2\/media\/93764"}],"wp:attachment":[{"href":"https:\/\/www.messinaoggi.it\/website\/wp-json\/wp\/v2\/media?parent=93763"}],"wp:term":[{"taxonomy":"category","embeddable":true,"href":"https:\/\/www.messinaoggi.it\/website\/wp-json\/wp\/v2\/categories?post=93763"},{"taxonomy":"post_tag","embeddable":true,"href":"https:\/\/www.messinaoggi.it\/website\/wp-json\/wp\/v2\/tags?post=93763"}],"curies":[{"name":"wp","href":"https:\/\/api.w.org\/{rel}","templated":true}]}}