{"id":93761,"date":"2022-01-15T15:07:34","date_gmt":"2022-01-15T14:07:34","guid":{"rendered":"https:\/\/www.messinaoggi.it\/website\/2022\/01\/15\/kriechmayr-vince-la-discesa-di-wengen-paris-terzo\/"},"modified":"2022-01-15T15:07:34","modified_gmt":"2022-01-15T14:07:34","slug":"kriechmayr-vince-la-discesa-di-wengen-paris-terzo","status":"publish","type":"post","link":"https:\/\/www.messinaoggi.it\/website\/2022\/01\/15\/kriechmayr-vince-la-discesa-di-wengen-paris-terzo\/","title":{"rendered":"Kriechmayr vince la discesa di Wengen, Paris terzo"},"content":{"rendered":"<div>WENGEN (SVIZZERA) (ITALPRESS) &#8211; Vincent Kriechmayr ha vinto la seconda discesa libera di Wengen, valevole per la Coppa del Mondo maschile di sci alpino 2021\/2022. L&#8217;austriaco, sceso con il pettorale numero 7, ferma il cronometro sul tempo di 2&#8217;26&#8243;09, che vale la prima piazza. Seconda posizione per lo svizzero Beat Feuz (+0&#8243;34), davanti a Dominik Paris, terzo a 44 centesimi dal vincitore. L&#8217;azzurro torna dunque sul podio nella classica discesa di Wengen a due anni di distanza dal secondo posto ottenuto nel 2020. Il campione della Val d&#8217;Ultimo \u00e8 terzo (podio numero 41 in carriera), grazie ad una parte finale di alto livello, nella quale \u00e8 riuscito a rimediare a qualche errore compiuto nella parte alta. &#8220;Oggi ho messo tutto quello che avevo in pista &#8211; ha detto Paris -, ho visto Feuz in tv e non aveva sciato cos\u00ec bene e ho pensato di poterlo battere. Poi per\u00f2, all&#8217;Hundschopf ho sbagliato e ho lasciato troppo tempo. Poi sotto sono riuscito a sciare come mi ero prefissato di fare e il risultato si \u00e8 visto. Sono contentissimo di questo risultato perch\u00e8 a Wengen faccio sempre un p\u00f2 fatica a far bene, e per questo motivo \u00e8 ancora pi\u00f9 bello salire sul podio qui&#8221;. Fuori dalla top-10 Christof Innerhofer, 12esimo, pi\u00f9 attardati Matteo Marsaglia e Mattia Casse. <br \/>Nella discesa libera femminile di Zauchensee, torna al successo Lara Gut-Behrami che fa segnare il miglior tempo in 1&#8217;45&#8243;78, conquistando cos\u00ec la seconda vittoria stagionale dopo quella nel Super-G di casa a St. Moritz. Si tratta del trionfo numero 34 in carriera nel circuito (64 i podi) per Gut-Behrami, che si mette cos\u00ec definitivamente alle spalle il lungo stop dopo la positivit\u00e0 al Covid-19. Seconda posizione a 10 centesimi dalla vincitrice per la tedesca Kira Weidle, davanti all&#8217;austriaca Ramona Siebenhofer. Sfiora il podio l&#8217;azzurra Nadia Delago, che con il pettorale 19 si ferma ad appena 8 centesimi da Siebenhofer, centrando il miglior risultato della carriera. Ottima<br \/>prestazione anche per Federica Brignone, che al rientro in gara<br \/>dopo i problemi al ginocchio chiude sesta (+0&#8243;87). <br \/>(ITALPRESS).<\/div>\n<div id=\"div-gpt-ad-Messinaoggi.it-DSK-300x250-corpoart\" style=\"text-align:center;margin:0 auto;\"><\/div><\/p><div id=\"videoincontent\" style=\"clear:both\";><\/div>","protected":false},"excerpt":{"rendered":"<p>WENGEN (SVIZZERA) (ITALPRESS) &#8211; Vincent Kriechmayr ha vinto la seconda discesa libera di Wengen, valevole per la Coppa del Mondo maschile di sci alpino 2021\/2022. L&#8217;austriaco, sceso con il pettorale numero 7, ferma il cronometro sul tempo di 2&#8217;26&#8243;09, che vale la prima piazza. Seconda posizione per lo svizzero Beat Feuz (+0&#8243;34), davanti a Dominik [&hellip;]<\/p>\n","protected":false},"author":18,"featured_media":93762,"comment_status":"closed","ping_status":"closed","sticky":false,"template":"","format":"standard","meta":{"ub_ctt_via":"","_mi_skip_tracking":false},"categories":[446],"tags":[783],"featured_image_src":"https:\/\/www.messinaoggi.it\/website\/wp-content\/uploads\/2022\/01\/20220115_0842.jpg","author_info":{"display_name":"Admin","author_link":"https:\/\/www.messinaoggi.it\/website\/author\/admin\/"},"digistream_id":0,"digistream":false,"_links":{"self":[{"href":"https:\/\/www.messinaoggi.it\/website\/wp-json\/wp\/v2\/posts\/93761"}],"collection":[{"href":"https:\/\/www.messinaoggi.it\/website\/wp-json\/wp\/v2\/posts"}],"about":[{"href":"https:\/\/www.messinaoggi.it\/website\/wp-json\/wp\/v2\/types\/post"}],"author":[{"embeddable":true,"href":"https:\/\/www.messinaoggi.it\/website\/wp-json\/wp\/v2\/users\/18"}],"replies":[{"embeddable":true,"href":"https:\/\/www.messinaoggi.it\/website\/wp-json\/wp\/v2\/comments?post=93761"}],"version-history":[{"count":0,"href":"https:\/\/www.messinaoggi.it\/website\/wp-json\/wp\/v2\/posts\/93761\/revisions"}],"wp:featuredmedia":[{"embeddable":true,"href":"https:\/\/www.messinaoggi.it\/website\/wp-json\/wp\/v2\/media\/93762"}],"wp:attachment":[{"href":"https:\/\/www.messinaoggi.it\/website\/wp-json\/wp\/v2\/media?parent=93761"}],"wp:term":[{"taxonomy":"category","embeddable":true,"href":"https:\/\/www.messinaoggi.it\/website\/wp-json\/wp\/v2\/categories?post=93761"},{"taxonomy":"post_tag","embeddable":true,"href":"https:\/\/www.messinaoggi.it\/website\/wp-json\/wp\/v2\/tags?post=93761"}],"curies":[{"name":"wp","href":"https:\/\/api.w.org\/{rel}","templated":true}]}}