{"id":93757,"date":"2022-01-15T14:07:34","date_gmt":"2022-01-15T13:07:34","guid":{"rendered":"https:\/\/www.messinaoggi.it\/website\/2022\/01\/15\/inzaghi-supercoppa-alle-spalle-con-atalanta-sfida-scudetto\/"},"modified":"2022-01-15T14:07:34","modified_gmt":"2022-01-15T13:07:34","slug":"inzaghi-supercoppa-alle-spalle-con-atalanta-sfida-scudetto","status":"publish","type":"post","link":"https:\/\/www.messinaoggi.it\/website\/2022\/01\/15\/inzaghi-supercoppa-alle-spalle-con-atalanta-sfida-scudetto\/","title":{"rendered":"Inzaghi \u201cSupercoppa alle spalle, con Atalanta sfida scudetto\u201d"},"content":{"rendered":"<div>MILANO (ITALPRESS) &#8211; &#8220;La vittoria in Supercoppa \u00e8 stata meritata contro un avversario come la Juventus che secondo me ha fatto bene. I miei hanno interpretato la partita come volevo. E&#8217; stata una bellissima esperienza vincere il mio primo trofeo in nerazzurro&#8221;. Cos\u00ec Simone Inzaghi, allenatore dell&#8217;Inter, in conferenza stampa in vista del match di domani alle 20.45 al Gewiss Stadium contro l&#8217;Atalanta. &#8220;Domani dobbiamo sbollire l&#8217;euforia perch\u00e8 ci attende una sfida molto, molto complicata. Sfida scudetto? Assolutamente s\u00ec. L&#8217;Atalanta \u00e8 quarta ed \u00e8 una squadra che \u00e8 in un continuo migliorarsi&#8221;. Inzaghi sa bene quali insidie nasconde la gara contro gli orobici: &#8220;Gasperini e l&#8217;Atalanta da tanti anni stanno facendo bene. E&#8217; una partita importante per entrambe, sar\u00e0 una gara fisica e bella da vivere come quella dell&#8217;andata finita 2-2&#8221;. Un&#8217;Inter che ha dimostrato fisicit\u00e0, compattezza, determinazione e unione di intenti in tutto il gruppo, anche da parte di chi ha giocato meno: &#8220;Sanchez? E&#8217; stato determinante, \u00e8 un grandissimo giocatore di qualit\u00e0. E&#8217; un campione che si allena con tanto entusiasmo. Sono contento di allenarlo. L&#8217;azione che ci ha permesso di vincere la Supercoppa \u00e8 stata bellissima con tutti i subentrati coinvolti. Valuter\u00f2 se schierare Alexis dal 1&#8242;, ci sono tante considerazioni da fare&#8221;. Il mese di gennaio \u00e8 sempre molto particolare, visto che il campionato si gioca con la sessione di calciomercato in corso e l&#8217;Inter potrebbe ulteriormente puntellare il proprio organico: &#8220;Siamo sempre in strettissimo contatto col presidente &#8211; ha sottolineato Inzaghi -. Poi ci sono Marotta, Ausilio e Baccin che lavorano h24. Sappiamo che dobbiamo migliorarci sempre, se ci sar\u00e0 l&#8217;occasione ci faremo trovare pronti. Sensi e Vecino via? Ci ho parlato, li terrei con me sempre. Sono giocatori forti e di qualit\u00e0. Penso che se resteranno il loro spazio lo troveranno. Se vogliono giocare sempre, poi&#8230; la societ\u00e0 sa che per me sono due giocatori che qui ci stanno alla grande&#8221;. Infine, sull&#8217;ipotesi Dybala: &#8220;Ho letto e sentito le notizie degli ultimi giorni &#8211; ha ammesso Inzaghi &#8211; non mi piace parlare dei giocatori di altre squadre, parlo dei miei perch\u00e8 dal primo a Satriano, che partir\u00e0 per giocare di pi\u00f9, mi hanno dato tutti grande disponibilit\u00e0&#8221;.<br \/>(ITALPRESS).<\/div>\n<div id=\"div-gpt-ad-Messinaoggi.it-DSK-300x250-corpoart\" style=\"text-align:center;margin:0 auto;\"><\/div><\/p><div id=\"videoincontent\" style=\"clear:both\";><\/div>","protected":false},"excerpt":{"rendered":"<p>MILANO (ITALPRESS) &#8211; &#8220;La vittoria in Supercoppa \u00e8 stata meritata contro un avversario come la Juventus che secondo me ha fatto bene. I miei hanno interpretato la partita come volevo. E&#8217; stata una bellissima esperienza vincere il mio primo trofeo in nerazzurro&#8221;. Cos\u00ec Simone Inzaghi, allenatore dell&#8217;Inter, in conferenza stampa in vista del match di [&hellip;]<\/p>\n","protected":false},"author":18,"featured_media":93758,"comment_status":"closed","ping_status":"closed","sticky":false,"template":"","format":"standard","meta":{"ub_ctt_via":"","_mi_skip_tracking":false},"categories":[446],"tags":[783],"featured_image_src":"https:\/\/www.messinaoggi.it\/website\/wp-content\/uploads\/2022\/01\/20220115_0762.jpg","author_info":{"display_name":"Admin","author_link":"https:\/\/www.messinaoggi.it\/website\/author\/admin\/"},"digistream_id":0,"digistream":false,"_links":{"self":[{"href":"https:\/\/www.messinaoggi.it\/website\/wp-json\/wp\/v2\/posts\/93757"}],"collection":[{"href":"https:\/\/www.messinaoggi.it\/website\/wp-json\/wp\/v2\/posts"}],"about":[{"href":"https:\/\/www.messinaoggi.it\/website\/wp-json\/wp\/v2\/types\/post"}],"author":[{"embeddable":true,"href":"https:\/\/www.messinaoggi.it\/website\/wp-json\/wp\/v2\/users\/18"}],"replies":[{"embeddable":true,"href":"https:\/\/www.messinaoggi.it\/website\/wp-json\/wp\/v2\/comments?post=93757"}],"version-history":[{"count":0,"href":"https:\/\/www.messinaoggi.it\/website\/wp-json\/wp\/v2\/posts\/93757\/revisions"}],"wp:featuredmedia":[{"embeddable":true,"href":"https:\/\/www.messinaoggi.it\/website\/wp-json\/wp\/v2\/media\/93758"}],"wp:attachment":[{"href":"https:\/\/www.messinaoggi.it\/website\/wp-json\/wp\/v2\/media?parent=93757"}],"wp:term":[{"taxonomy":"category","embeddable":true,"href":"https:\/\/www.messinaoggi.it\/website\/wp-json\/wp\/v2\/categories?post=93757"},{"taxonomy":"post_tag","embeddable":true,"href":"https:\/\/www.messinaoggi.it\/website\/wp-json\/wp\/v2\/tags?post=93757"}],"curies":[{"name":"wp","href":"https:\/\/api.w.org\/{rel}","templated":true}]}}