{"id":9375,"date":"2017-10-11T09:44:16","date_gmt":"2017-10-11T07:44:16","guid":{"rendered":"http:\/\/www.messinaoggi.it\/website\/?p=9375"},"modified":"2017-10-11T09:44:16","modified_gmt":"2017-10-11T07:44:16","slug":"arrivano-altri-26-bus-ma-non-si-vede-il-pulmino-al-gran-camposanto","status":"publish","type":"post","link":"https:\/\/www.messinaoggi.it\/website\/2017\/10\/11\/arrivano-altri-26-bus-ma-non-si-vede-il-pulmino-al-gran-camposanto\/","title":{"rendered":"Arrivano altri 26 bus, ma non si vede il pulmino al Gran Camposanto"},"content":{"rendered":"<p>\u201cLa grande festa per l\u2019arrivo di altri 26 autobus (di cui evidentemente non si pu\u00f2 che essere felici), cozza terribilmente con la scandalosa e prolungata assenza da quasi un anno e mezzo di un tanto semplice quanto prezioso pulmino all\u2019interno del Gran Camposanto che avrebbe reso la vita meno difficile ai numerosi anziani visitatori e di cui qualcuno adesso dovrebbe soltanto arrossire\u201d: \u00e8 un fiume in piena il consigliere comunale Libero Gioveni, che il 24 gennaio scorso aveva anche trasmesso al sindaco e a tutti gli assessori competenti una petizione popolare di cittadini e di fiorai che operano nel perimetro del cimitero monumentale, con la quale si era voluto manifestare la ferma volont\u00e0 di riavere l\u2019indispensabile pulmino.<br \/>\nNon ci possono essere pi\u00f9 alibi, n\u00e9 tanto meno si pu\u00f2 attribuire a un solo responsabile questo inqualificabile disservizio \u2013 afferma indignato Gioveni. Per il mancato ripristino del servizio di trasporto interno al Gran Camposanto sono tutti responsabili, con in testa il sindaco che solo a parole manifesta di essere attento agli &#8216;ultimi&#8217;.<br \/>\nAppare superfluo rimarcare il fatto \u2013 sottolinea il consigliere &#8211; che la presenza di un bus navetta, oltre a rendersi necessario per garantire la mobilit\u00e0 interna ai numerosi anziani e disabili che desiderano fare visita ai propri cari scomparsi, serve a dare un nuovo impulso alle attivit\u00e0 commerciali dei numerosi fiorai che, a seguito del netto calo dei visitatori, rischiano seriamente di chiudere le loro attivit\u00e0.<br \/>\nNon \u00e8 assolutamente tollerabile \u2013 insiste l\u2019esponente del gruppo Misto \u2013 che in\u00a0una citt\u00e0 che vuole definirsi metropolitana e che si vanta di avere il secondo cimitero d\u2019Italia, non si riesca in nessun modo a garantire un servizio cos\u00ec semplice ma nello stesso tempo essenziale per venire incontro a centinaia di cittadini con serie difficolt\u00e0 motorie in una struttura cos\u00ec grande.<br \/>\nPertanto \u2013 conclude Gioveni -anche in previsione dell\u2019ormai imminente periodo di commemorazione dei defunti che richiamer\u00e0 una enorme mole di visitatori anche da fuori citt\u00e0, si sollecita ancora una volta il sindaco Accorinti, l\u2019assessore ai Cimiteri Ialacqua e quelli all\u2019Autoparco ed alla Mobilit\u00e0 urbana Pino e Cacciola ad attivarsi con urgenza per la ripresa del regolare servizio di trasporto interno al Gran Camposanto&#8221;.<div id=\"div-gpt-ad-Messinaoggi.it-DSK-300x250-corpoart\" style=\"text-align:center;margin:0 auto;\"><\/div><\/p>\n<div id=\"videoincontent\" style=\"clear:both\";><\/div>","protected":false},"excerpt":{"rendered":"<p>\u201cLa grande festa per l\u2019arrivo di altri 26 autobus (di cui evidentemente non si pu\u00f2 che essere felici), cozza terribilmente con la scandalosa e prolungata assenza da quasi un anno e mezzo di un tanto semplice quanto prezioso pulmino all\u2019interno del Gran Camposanto che avrebbe reso la vita meno difficile ai numerosi anziani visitatori e [&hellip;]<\/p>\n","protected":false},"author":2,"featured_media":2655,"comment_status":"closed","ping_status":"open","sticky":false,"template":"","format":"standard","meta":{"ub_ctt_via":"","_mi_skip_tracking":false},"categories":[6],"tags":[],"featured_image_src":"https:\/\/www.messinaoggi.it\/website\/wp-content\/uploads\/2017\/06\/cimitero-messina-camposanto-2.jpg","author_info":{"display_name":"Redazione","author_link":"https:\/\/www.messinaoggi.it\/website\/author\/redazione\/"},"digistream_id":0,"digistream":false,"_links":{"self":[{"href":"https:\/\/www.messinaoggi.it\/website\/wp-json\/wp\/v2\/posts\/9375"}],"collection":[{"href":"https:\/\/www.messinaoggi.it\/website\/wp-json\/wp\/v2\/posts"}],"about":[{"href":"https:\/\/www.messinaoggi.it\/website\/wp-json\/wp\/v2\/types\/post"}],"author":[{"embeddable":true,"href":"https:\/\/www.messinaoggi.it\/website\/wp-json\/wp\/v2\/users\/2"}],"replies":[{"embeddable":true,"href":"https:\/\/www.messinaoggi.it\/website\/wp-json\/wp\/v2\/comments?post=9375"}],"version-history":[{"count":0,"href":"https:\/\/www.messinaoggi.it\/website\/wp-json\/wp\/v2\/posts\/9375\/revisions"}],"wp:featuredmedia":[{"embeddable":true,"href":"https:\/\/www.messinaoggi.it\/website\/wp-json\/wp\/v2\/media\/2655"}],"wp:attachment":[{"href":"https:\/\/www.messinaoggi.it\/website\/wp-json\/wp\/v2\/media?parent=9375"}],"wp:term":[{"taxonomy":"category","embeddable":true,"href":"https:\/\/www.messinaoggi.it\/website\/wp-json\/wp\/v2\/categories?post=9375"},{"taxonomy":"post_tag","embeddable":true,"href":"https:\/\/www.messinaoggi.it\/website\/wp-json\/wp\/v2\/tags?post=9375"}],"curies":[{"name":"wp","href":"https:\/\/api.w.org\/{rel}","templated":true}]}}