{"id":93749,"date":"2022-01-15T12:07:33","date_gmt":"2022-01-15T11:07:33","guid":{"rendered":"https:\/\/www.messinaoggi.it\/website\/2022\/01\/15\/letta-serve-un-patto-di-legislatura-tra-le-forze-di-maggioranza\/"},"modified":"2022-01-15T12:07:33","modified_gmt":"2022-01-15T11:07:33","slug":"letta-serve-un-patto-di-legislatura-tra-le-forze-di-maggioranza","status":"publish","type":"post","link":"https:\/\/www.messinaoggi.it\/website\/2022\/01\/15\/letta-serve-un-patto-di-legislatura-tra-le-forze-di-maggioranza\/","title":{"rendered":"Letta \u201cServe un patto di legislatura tra le forze di maggioranza\u201d"},"content":{"rendered":"<div>ROMA (ITALPRESS) &#8211; &#8220;Con i nostri alleati il dialogo \u00e8 molto positivo&#8221;. Lo ha detto il segretario del Pd, Enrico Letta, aprendo la riunione congiunta della direzione nazionale e dei gruppi parlamentari del Pd. &#8220;Noi crediamo che sia sbagliato chiudere le porte al dialogo, e con la decisione di ieri le porte sono state chiuse&#8221; ha aggiunto &#8220;noi vogliamo riaprire quelle porte, proponiamo un&#8217;iniziativa che attraverso tre punti crei un patto di legislatura che consenta di arrivare al 2023:  l&#8217;elezione di una o un presidente della Repubblica che sia una figura istituzionale, super partes, di garanzia, dare energia e forza per i 14 prossimi mesi di governo trovino delle risposte efficaci in continuit\u00e0 con quanto stiamo facendo adesso, completare alcune fondamentali riforme. Per tutto questo serve un accordo tra tutte le forze di maggioranza, serve un largo patto di legislatura, ognuno deve fare un gesto di coraggio e generosit\u00e0 verso il paese, un gesto che verr\u00e0 ripagata dal paese. La buona politica \u00e8 possibile, dobbiamo proteggere la figura di Mario Draghi&#8221;. <br \/>(ITALPRESS).<\/div>\n<div id=\"div-gpt-ad-Messinaoggi.it-DSK-300x250-corpoart\" style=\"text-align:center;margin:0 auto;\"><\/div><\/p><div id=\"videoincontent\" style=\"clear:both\";><\/div>","protected":false},"excerpt":{"rendered":"<p>ROMA (ITALPRESS) &#8211; &#8220;Con i nostri alleati il dialogo \u00e8 molto positivo&#8221;. Lo ha detto il segretario del Pd, Enrico Letta, aprendo la riunione congiunta della direzione nazionale e dei gruppi parlamentari del Pd. &#8220;Noi crediamo che sia sbagliato chiudere le porte al dialogo, e con la decisione di ieri le porte sono state chiuse&#8221; [&hellip;]<\/p>\n","protected":false},"author":18,"featured_media":93750,"comment_status":"closed","ping_status":"closed","sticky":false,"template":"","format":"standard","meta":{"ub_ctt_via":"","_mi_skip_tracking":false},"categories":[446],"tags":[783],"featured_image_src":"https:\/\/www.messinaoggi.it\/website\/wp-content\/uploads\/2022\/01\/20220115_0393-300x206-1.jpg","author_info":{"display_name":"Admin","author_link":"https:\/\/www.messinaoggi.it\/website\/author\/admin\/"},"digistream_id":0,"digistream":false,"_links":{"self":[{"href":"https:\/\/www.messinaoggi.it\/website\/wp-json\/wp\/v2\/posts\/93749"}],"collection":[{"href":"https:\/\/www.messinaoggi.it\/website\/wp-json\/wp\/v2\/posts"}],"about":[{"href":"https:\/\/www.messinaoggi.it\/website\/wp-json\/wp\/v2\/types\/post"}],"author":[{"embeddable":true,"href":"https:\/\/www.messinaoggi.it\/website\/wp-json\/wp\/v2\/users\/18"}],"replies":[{"embeddable":true,"href":"https:\/\/www.messinaoggi.it\/website\/wp-json\/wp\/v2\/comments?post=93749"}],"version-history":[{"count":0,"href":"https:\/\/www.messinaoggi.it\/website\/wp-json\/wp\/v2\/posts\/93749\/revisions"}],"wp:featuredmedia":[{"embeddable":true,"href":"https:\/\/www.messinaoggi.it\/website\/wp-json\/wp\/v2\/media\/93750"}],"wp:attachment":[{"href":"https:\/\/www.messinaoggi.it\/website\/wp-json\/wp\/v2\/media?parent=93749"}],"wp:term":[{"taxonomy":"category","embeddable":true,"href":"https:\/\/www.messinaoggi.it\/website\/wp-json\/wp\/v2\/categories?post=93749"},{"taxonomy":"post_tag","embeddable":true,"href":"https:\/\/www.messinaoggi.it\/website\/wp-json\/wp\/v2\/tags?post=93749"}],"curies":[{"name":"wp","href":"https:\/\/api.w.org\/{rel}","templated":true}]}}