{"id":93643,"date":"2022-01-14T15:07:38","date_gmt":"2022-01-14T14:07:38","guid":{"rendered":"https:\/\/www.messinaoggi.it\/website\/2022\/01\/14\/allegri-dybala-un-grande-bonucci-out-rientra-szczesny\/"},"modified":"2022-01-14T15:07:38","modified_gmt":"2022-01-14T14:07:38","slug":"allegri-dybala-un-grande-bonucci-out-rientra-szczesny","status":"publish","type":"post","link":"https:\/\/www.messinaoggi.it\/website\/2022\/01\/14\/allegri-dybala-un-grande-bonucci-out-rientra-szczesny\/","title":{"rendered":"Allegri \u201cDybala un grande, Bonucci out, rientra Szczesny\u201d"},"content":{"rendered":"<div>TORINO (ITALPRESS) &#8211; Massimiliano Allegri, in conferenza stampa, nel mezzo tra la gara di Supercoppa persa al 120&#8242; contro l&#8217;Inter e quella di campionato contro l&#8217;Udinese, ha parlato di tutto: dal mercato, a suo dire chiuso, all&#8217;importanza di Dybala, dalla condizione fisica dei vari giocatori della Juve, sino alla multa inflitta a Bonucci. &#8220;La Supercoppa \u00e8 una partita secca. Il campionato \u00e8 completamente diverso. Contro l&#8217;Udinese, che \u00e8 una squadra molto forte fisicamente, che difende bene, dovremo giocare con grande lucidit\u00e0 e cercare di vincere, per invertire quelli che sono stati i risultati fin qui contro le squadre medio-piccole&#8221;, ha detto Allegri. &#8220;La rosa \u00e8 questa e con questi giocatori dobbiamo arrivare a fine anno. Stiamo crescendo come squadra e dobbiamo rimanere sereni. Gli obiettivi sono sempre quelli: dobbiamo arrivare fra le prime 4 in campionato e provare ad andare avanti in Champions. Tornando sulla Supercoppa, ho detto che l&#8217;Inter \u00e8 la squadra pi\u00f9 forte del campionato ma le gare secche sono sempre una storia a parte. Abbiamo giocato bene, contro una grande squadra. E&#8217; mancata qualche cosa in alcuni momenti ma la squadra, confermo, ha fatto bene e si \u00e8 impegnata molto&#8221;, ha detto ancora il tecnico della Juve. &#8220;Domani ci saranno dei cambiamenti: giocato tanto. Fortunatamente stiamo tutti abbastanza bene, con le eccezioni di Danilo e di Bonucci, che riavremo dopo la sosta. Pellegrini si \u00e8 ripreso. Domani potrebbe partire dal primo minuto. In porta rientra Szczesny. Poi ho il dubbio su chi far giocare fra Bernardeschi e Kulusevski: contro l&#8217;Inter hanno fatto entrambi bene. Anche la gara contro l&#8217;Udinese potrebbe essere decisa dai cambi&#8221;. Infine su Dybala e su Bonucci. &#8220;Dei contratti dei giocatori non parlo. Paulo \u00e8 un grande giocatore: \u00e8 arrivato dal Palermo che era un bambino, \u00e8 cresciuto tanto. Ha avuto problemi fisici ma da qua a fine stagione deve dare il massimo. Al di l\u00e0 del contratto. Leo \u00e8 stato multato. Pagher\u00e0 la multa e si chiuder\u00e0 il caso. La Juve \u00e8 sempre stata rispettosa nei confronti degli avversari e degli arbitri&#8221;.<br \/>(ITALPRESS).<\/div>\n<div id=\"div-gpt-ad-Messinaoggi.it-DSK-300x250-corpoart\" style=\"text-align:center;margin:0 auto;\"><\/div><\/p><div id=\"videoincontent\" style=\"clear:both\";><\/div>","protected":false},"excerpt":{"rendered":"<p>TORINO (ITALPRESS) &#8211; Massimiliano Allegri, in conferenza stampa, nel mezzo tra la gara di Supercoppa persa al 120&#8242; contro l&#8217;Inter e quella di campionato contro l&#8217;Udinese, ha parlato di tutto: dal mercato, a suo dire chiuso, all&#8217;importanza di Dybala, dalla condizione fisica dei vari giocatori della Juve, sino alla multa inflitta a Bonucci. &#8220;La Supercoppa [&hellip;]<\/p>\n","protected":false},"author":18,"featured_media":93644,"comment_status":"closed","ping_status":"closed","sticky":false,"template":"","format":"standard","meta":{"ub_ctt_via":"","_mi_skip_tracking":false},"categories":[446],"tags":[783],"featured_image_src":"https:\/\/www.messinaoggi.it\/website\/wp-content\/uploads\/2022\/01\/20220114_0891.jpg","author_info":{"display_name":"Admin","author_link":"https:\/\/www.messinaoggi.it\/website\/author\/admin\/"},"digistream_id":0,"digistream":false,"_links":{"self":[{"href":"https:\/\/www.messinaoggi.it\/website\/wp-json\/wp\/v2\/posts\/93643"}],"collection":[{"href":"https:\/\/www.messinaoggi.it\/website\/wp-json\/wp\/v2\/posts"}],"about":[{"href":"https:\/\/www.messinaoggi.it\/website\/wp-json\/wp\/v2\/types\/post"}],"author":[{"embeddable":true,"href":"https:\/\/www.messinaoggi.it\/website\/wp-json\/wp\/v2\/users\/18"}],"replies":[{"embeddable":true,"href":"https:\/\/www.messinaoggi.it\/website\/wp-json\/wp\/v2\/comments?post=93643"}],"version-history":[{"count":0,"href":"https:\/\/www.messinaoggi.it\/website\/wp-json\/wp\/v2\/posts\/93643\/revisions"}],"wp:featuredmedia":[{"embeddable":true,"href":"https:\/\/www.messinaoggi.it\/website\/wp-json\/wp\/v2\/media\/93644"}],"wp:attachment":[{"href":"https:\/\/www.messinaoggi.it\/website\/wp-json\/wp\/v2\/media?parent=93643"}],"wp:term":[{"taxonomy":"category","embeddable":true,"href":"https:\/\/www.messinaoggi.it\/website\/wp-json\/wp\/v2\/categories?post=93643"},{"taxonomy":"post_tag","embeddable":true,"href":"https:\/\/www.messinaoggi.it\/website\/wp-json\/wp\/v2\/tags?post=93643"}],"curies":[{"name":"wp","href":"https:\/\/api.w.org\/{rel}","templated":true}]}}