{"id":93363,"date":"2022-01-12T10:59:48","date_gmt":"2022-01-12T09:59:48","guid":{"rendered":"http:\/\/www.messinaoggi.it\/website\/?p=93363"},"modified":"2022-01-12T10:01:47","modified_gmt":"2022-01-12T09:01:47","slug":"meteo-preparsi-a-temperature-gelide","status":"publish","type":"post","link":"https:\/\/www.messinaoggi.it\/website\/2022\/01\/12\/meteo-preparsi-a-temperature-gelide\/","title":{"rendered":"Meteo, preparsi a temperature gelide"},"content":{"rendered":"\n<p>In queste ore un impulso polare ha generato un vortice che sta attraversando velocemente l&#8217;Italia dal Centro verso il Sud. Il freddo si accentuer\u00e0 ulteriormente. Il sito IlMeteo.it segnala che gli effetti di questo blitz freddo si faranno sentire soprattutto sulle regioni adriatiche (neve fin quasi sulle coste) dopo che aver interessato il Lazio e l&#8217;Umbria nelle primissime ore del giorno (con brevi nevicate a bassissima quota e anche a Roma). Entro sera le precipitazioni raggiungeranno pure la\u00a0<strong>Sicilia<\/strong>\u00a0dopo aver interessato la Sardegna sudorientale. <div id=\"div-gpt-ad-Messinaoggi.it-DSK-300x250-corpoart\" style=\"text-align:center;margin:0 auto;\"><\/div><\/p>\n\n\n\n<p>Il nuovo afflusso di aria gelida far\u00e0 abbassare ulteriormente le temperature che saranno decisamente gelide di notte su tutto il Nord con valori fino a -6 gradi in pianura e -13 a circa 1200 metri, gelo notturno anche in Toscana e sulle zone interne del Centro. Ma far\u00e0 freddo anche di giorno (solo 5-6 gradi al Nord, fino a 10 al Centro e non oltre i 13 al Sud). Questa situazione termica durer\u00e0 almeno fino a venerd\u00ec, dopodich\u00e9, nel corso del weekend, il rafforzamento e consolidamento dell&#8217;alta pressione delle Azzorre comincer\u00e0 a scaldare l&#8217;atmosfera sia di giorno (fino a 10-12 gradi al Centro-Nord) sia di notte (rare gelate, pi\u00f9 probabili al Nordovest).<div id=\"videoincontent\" style=\"clear:both\";><\/div><\/p>\n","protected":false},"excerpt":{"rendered":"<p>In queste ore un impulso polare ha generato un vortice che sta attraversando velocemente l&#8217;Italia dal Centro verso il Sud. Il freddo si accentuer\u00e0 ulteriormente. Il sito IlMeteo.it segnala che gli effetti di questo blitz freddo si faranno sentire soprattutto sulle regioni adriatiche (neve fin quasi sulle coste) dopo che aver interessato il Lazio e [&hellip;]<\/p>\n","protected":false},"author":2,"featured_media":13325,"comment_status":"open","ping_status":"open","sticky":false,"template":"","format":"standard","meta":{"ub_ctt_via":"","_mi_skip_tracking":false},"categories":[6],"tags":[1040],"featured_image_src":"https:\/\/www.messinaoggi.it\/website\/wp-content\/uploads\/2017\/12\/fiocco-di-neve.jpg","author_info":{"display_name":"Redazione","author_link":"https:\/\/www.messinaoggi.it\/website\/author\/redazione\/"},"digistream_id":0,"digistream":false,"_links":{"self":[{"href":"https:\/\/www.messinaoggi.it\/website\/wp-json\/wp\/v2\/posts\/93363"}],"collection":[{"href":"https:\/\/www.messinaoggi.it\/website\/wp-json\/wp\/v2\/posts"}],"about":[{"href":"https:\/\/www.messinaoggi.it\/website\/wp-json\/wp\/v2\/types\/post"}],"author":[{"embeddable":true,"href":"https:\/\/www.messinaoggi.it\/website\/wp-json\/wp\/v2\/users\/2"}],"replies":[{"embeddable":true,"href":"https:\/\/www.messinaoggi.it\/website\/wp-json\/wp\/v2\/comments?post=93363"}],"version-history":[{"count":1,"href":"https:\/\/www.messinaoggi.it\/website\/wp-json\/wp\/v2\/posts\/93363\/revisions"}],"predecessor-version":[{"id":93364,"href":"https:\/\/www.messinaoggi.it\/website\/wp-json\/wp\/v2\/posts\/93363\/revisions\/93364"}],"wp:featuredmedia":[{"embeddable":true,"href":"https:\/\/www.messinaoggi.it\/website\/wp-json\/wp\/v2\/media\/13325"}],"wp:attachment":[{"href":"https:\/\/www.messinaoggi.it\/website\/wp-json\/wp\/v2\/media?parent=93363"}],"wp:term":[{"taxonomy":"category","embeddable":true,"href":"https:\/\/www.messinaoggi.it\/website\/wp-json\/wp\/v2\/categories?post=93363"},{"taxonomy":"post_tag","embeddable":true,"href":"https:\/\/www.messinaoggi.it\/website\/wp-json\/wp\/v2\/tags?post=93363"}],"curies":[{"name":"wp","href":"https:\/\/api.w.org\/{rel}","templated":true}]}}