{"id":93359,"date":"2022-01-12T09:07:35","date_gmt":"2022-01-12T08:07:35","guid":{"rendered":"https:\/\/www.messinaoggi.it\/website\/2022\/01\/12\/scuola-bianchi-la-dad-non-e-il-demonio-ma-ci-sono-regole-precise\/"},"modified":"2022-01-12T10:02:28","modified_gmt":"2022-01-12T09:02:28","slug":"scuola-bianchi-la-dad-non-e-il-demonio-ma-ci-sono-regole-precise","status":"publish","type":"post","link":"https:\/\/www.messinaoggi.it\/website\/2022\/01\/12\/scuola-bianchi-la-dad-non-e-il-demonio-ma-ci-sono-regole-precise\/","title":{"rendered":"Scuola, Bianchi \u201cLa Dad non \u00e8 il demonio, ma ci sono regole precise\u201d"},"content":{"rendered":"<div>ROMA (ITALPRESS) &#8211; &#8220;Per ora i problemi riscontrati sono gestibili&#8221;. Lo dice il ministro dell&#8217;Istruzione Patrizio Bianchi in un&#8217;intervista a La Stampa. &#8220;Siamo attrezzati &#8211; aggiunge &#8211; per affrontare un eventuale peggioramento del quadro&#8221;. Va affermato un principio, cio\u00e8 che &#8220;la scuola resta aperta e in presenza, una scelta portante di questo governo&#8221;. Per Bianchi &#8220;il ricorso alla didattica a distanza non pu\u00f2 essere indiscriminato, ci sono regole precise da seguire&#8221;. &#8220;Io non escludo n\u00e8 affermo niente, ma siamo pronti ad affrontare tutte le situazioni, anche quelle pi\u00f9 estreme. In Italia abbiamo 365mila classi, allo stato attuale non c&#8217;\u00e8 questo scenario, poi pu\u00f2 darsi che ci sia un aumento nei prossimi giorni, ma il tema non \u00e8 se ci sar\u00e0 o meno un maggiore ricorso alla formazione a distanza. Che, comunque, non \u00e8 il demonio, ma uno strumento da usare in modo specifico e per un tempo specifico&#8221;. <br \/>&#8220;Abbiamo fatto una norma, il decreto del 5 gennaio -aggiunge &#8211; che d\u00e0 una linea di marcia chiara: la scuola deve essere aperta e, nel caso, deve essere l&#8217;ultima a chiudere. E abbiamo definito regole precise per usare la didattica a distanza, che non pu\u00f2 essere un provvedimento generalizzato, preso a livello regionale o comunale, e senza giustificazioni. Non pu\u00f2 valere per tutti, insomma, ma solo in situazioni specifiche&#8221;. Sull&#8217;ipotesi di allestire hub vaccinali nelle scuole afferma: &#8220;Non \u00e8 una soluzione impensabile. La Puglia, ad esempio, lo sta gi\u00e0 facendo. Vogliamo portare il vaccino il pi\u00f9 vicino possibile agli alunni, abbiamo avviato un ragionamento con la struttura commissariale, che ci sta lavorando&#8221;.<br \/>(ITALPRESS).<\/div>\n<div id=\"div-gpt-ad-Messinaoggi.it-DSK-300x250-corpoart\" style=\"text-align:center;margin:0 auto;\"><\/div><\/p><div id=\"videoincontent\" style=\"clear:both\";><\/div>","protected":false},"excerpt":{"rendered":"<p>ROMA (ITALPRESS) &#8211; &#8220;Per ora i problemi riscontrati sono gestibili&#8221;. Lo dice il ministro dell&#8217;Istruzione Patrizio Bianchi in un&#8217;intervista a La Stampa. &#8220;Siamo attrezzati &#8211; aggiunge &#8211; per affrontare un eventuale peggioramento del quadro&#8221;. Va affermato un principio, cio\u00e8 che &#8220;la scuola resta aperta e in presenza, una scelta portante di questo governo&#8221;. Per Bianchi [&hellip;]<\/p>\n","protected":false},"author":18,"featured_media":93360,"comment_status":"closed","ping_status":"closed","sticky":false,"template":"","format":"standard","meta":{"ub_ctt_via":"","_mi_skip_tracking":false},"categories":[221,446],"tags":[783],"featured_image_src":"https:\/\/www.messinaoggi.it\/website\/wp-content\/uploads\/2022\/01\/20220112_0082.jpg","author_info":{"display_name":"Admin","author_link":"https:\/\/www.messinaoggi.it\/website\/author\/admin\/"},"digistream_id":0,"digistream":false,"_links":{"self":[{"href":"https:\/\/www.messinaoggi.it\/website\/wp-json\/wp\/v2\/posts\/93359"}],"collection":[{"href":"https:\/\/www.messinaoggi.it\/website\/wp-json\/wp\/v2\/posts"}],"about":[{"href":"https:\/\/www.messinaoggi.it\/website\/wp-json\/wp\/v2\/types\/post"}],"author":[{"embeddable":true,"href":"https:\/\/www.messinaoggi.it\/website\/wp-json\/wp\/v2\/users\/18"}],"replies":[{"embeddable":true,"href":"https:\/\/www.messinaoggi.it\/website\/wp-json\/wp\/v2\/comments?post=93359"}],"version-history":[{"count":1,"href":"https:\/\/www.messinaoggi.it\/website\/wp-json\/wp\/v2\/posts\/93359\/revisions"}],"predecessor-version":[{"id":93365,"href":"https:\/\/www.messinaoggi.it\/website\/wp-json\/wp\/v2\/posts\/93359\/revisions\/93365"}],"wp:featuredmedia":[{"embeddable":true,"href":"https:\/\/www.messinaoggi.it\/website\/wp-json\/wp\/v2\/media\/93360"}],"wp:attachment":[{"href":"https:\/\/www.messinaoggi.it\/website\/wp-json\/wp\/v2\/media?parent=93359"}],"wp:term":[{"taxonomy":"category","embeddable":true,"href":"https:\/\/www.messinaoggi.it\/website\/wp-json\/wp\/v2\/categories?post=93359"},{"taxonomy":"post_tag","embeddable":true,"href":"https:\/\/www.messinaoggi.it\/website\/wp-json\/wp\/v2\/tags?post=93359"}],"curies":[{"name":"wp","href":"https:\/\/api.w.org\/{rel}","templated":true}]}}