{"id":93302,"date":"2022-01-11T15:46:42","date_gmt":"2022-01-11T14:46:42","guid":{"rendered":"http:\/\/www.messinaoggi.it\/website\/?p=93302"},"modified":"2022-01-11T15:47:26","modified_gmt":"2022-01-11T14:47:26","slug":"sciopero-portuali-adesione-al-100","status":"publish","type":"post","link":"https:\/\/www.messinaoggi.it\/website\/2022\/01\/11\/sciopero-portuali-adesione-al-100\/","title":{"rendered":"Sciopero portuali, adesione al 100%"},"content":{"rendered":"\n<p>Adesione al 100% e approdi a sud totalmente fermi. E\u2019 stata l\u2019estrema ratio, abbiamo risposto agli appelli alla responsabilit\u00e0 del presidente Mega partecipando fattivamente al tavolo con tutti i portatori di interesse della portualit\u00e0 messinese &#8211; dichiarano Uil e Uiltrasporti Messina &#8211; e con altrettanta responsabilit\u00e0 nonostante l\u2019adesione totale dei lavoratori la Uil sta in queste ore garantendo le attivit\u00e0 minime per mantenere in sicurezza il porto. Reputiamo un passaggio strategico l\u2019avvio del tavolo sulla portualit\u00e0 stimolato dall\u2019azione di sciopero della Uiltrasporti &#8211; ed insediatosi ieri &#8211; conclude il sindacato &#8211; ma occorre che anche l\u2019azienda Comet dia subito concrete risposte ai lavoratori e in questo contesto pi\u00f9 ampio operare nell\u2019interesse del futuro e delle tutele contrattuali di queste maestranze. Chiederemo subito la prosecuzione del dialogo all\u2019Adsp e alla Comet, ma non escludiamo ulteriori azioni di protesta se necessarie.<div id=\"div-gpt-ad-Messinaoggi.it-DSK-300x250-corpoart\" style=\"text-align:center;margin:0 auto;\"><\/div><\/p>\n<div id=\"videoincontent\" style=\"clear:both\";><\/div>","protected":false},"excerpt":{"rendered":"<p>Adesione al 100% e approdi a sud totalmente fermi. E\u2019 stata l\u2019estrema ratio, abbiamo risposto agli appelli alla responsabilit\u00e0 del presidente Mega partecipando fattivamente al tavolo con tutti i portatori di interesse della portualit\u00e0 messinese &#8211; dichiarano Uil e Uiltrasporti Messina &#8211; e con altrettanta responsabilit\u00e0 nonostante l\u2019adesione totale dei lavoratori la Uil sta in [&hellip;]<\/p>\n","protected":false},"author":4,"featured_media":93303,"comment_status":"open","ping_status":"open","sticky":false,"template":"","format":"standard","meta":{"ub_ctt_via":"","_mi_skip_tracking":false},"categories":[6],"tags":[90,1209],"featured_image_src":"https:\/\/www.messinaoggi.it\/website\/wp-content\/uploads\/2022\/01\/IMG-20220111-WA0014.jpg","author_info":{"display_name":"redme","author_link":"https:\/\/www.messinaoggi.it\/website\/author\/redme\/"},"digistream_id":0,"digistream":false,"_links":{"self":[{"href":"https:\/\/www.messinaoggi.it\/website\/wp-json\/wp\/v2\/posts\/93302"}],"collection":[{"href":"https:\/\/www.messinaoggi.it\/website\/wp-json\/wp\/v2\/posts"}],"about":[{"href":"https:\/\/www.messinaoggi.it\/website\/wp-json\/wp\/v2\/types\/post"}],"author":[{"embeddable":true,"href":"https:\/\/www.messinaoggi.it\/website\/wp-json\/wp\/v2\/users\/4"}],"replies":[{"embeddable":true,"href":"https:\/\/www.messinaoggi.it\/website\/wp-json\/wp\/v2\/comments?post=93302"}],"version-history":[{"count":1,"href":"https:\/\/www.messinaoggi.it\/website\/wp-json\/wp\/v2\/posts\/93302\/revisions"}],"predecessor-version":[{"id":93304,"href":"https:\/\/www.messinaoggi.it\/website\/wp-json\/wp\/v2\/posts\/93302\/revisions\/93304"}],"wp:featuredmedia":[{"embeddable":true,"href":"https:\/\/www.messinaoggi.it\/website\/wp-json\/wp\/v2\/media\/93303"}],"wp:attachment":[{"href":"https:\/\/www.messinaoggi.it\/website\/wp-json\/wp\/v2\/media?parent=93302"}],"wp:term":[{"taxonomy":"category","embeddable":true,"href":"https:\/\/www.messinaoggi.it\/website\/wp-json\/wp\/v2\/categories?post=93302"},{"taxonomy":"post_tag","embeddable":true,"href":"https:\/\/www.messinaoggi.it\/website\/wp-json\/wp\/v2\/tags?post=93302"}],"curies":[{"name":"wp","href":"https:\/\/api.w.org\/{rel}","templated":true}]}}