{"id":93098,"date":"2022-01-10T00:07:36","date_gmt":"2022-01-09T23:07:36","guid":{"rendered":"https:\/\/www.messinaoggi.it\/website\/2022\/01\/09\/scuola-bianchi-si-torna-sui-banchi-le-regole-del-governo-sono-chiare-il-personale-sicuramente-manchera\/"},"modified":"2022-01-10T09:20:23","modified_gmt":"2022-01-10T08:20:23","slug":"scuola-bianchi-si-torna-sui-banchi-le-regole-del-governo-sono-chiare-il-personale-sicuramente-manchera","status":"publish","type":"post","link":"https:\/\/www.messinaoggi.it\/website\/2022\/01\/10\/scuola-bianchi-si-torna-sui-banchi-le-regole-del-governo-sono-chiare-il-personale-sicuramente-manchera\/","title":{"rendered":"Scuola, Bianchi: \u201cSi torna sui banchi, le regole del Governo sono chiare\u201d"},"content":{"rendered":"<div>ROMA (ITALPRESS) &#8211; &#8220;Ho parlato costantemente con le rappresentanza dei presidi, il dialogo \u00e8 continuo. C&#8217;\u00e8 sicuramente la possibilit\u00e0 che domani manchi personale nelle scuole. Noi abbiamo messo 400 milioni per rinnovare e potenziare il personale proprio per l&#8217;emergenza legata al Covid. Si tratta di 35.000 docenti e di altrettanto personale tecnico in pi\u00f9. Ricordo che anche in passato dopo il Natale si sono registrate molte malattie ma questa situazione si affronta assieme, con la volont\u00e0 di tutti di riprendere la scuola&#8221;. Cos\u00ec il Ministro dell&#8217;Istruzione, Patrizio Bianchi, in un&#8217;intervista al TG3.<br \/>\n&#8220;Noi tutti siamo preoccupati ma abbiamo approvato come Governo, all&#8217;unanimit\u00e0, un disposto che d\u00e0 regole chiare precise e puntuali anche per quelle situazioni che richiedono la didattica a distanza. Il principio di base \u00e8 che si torna a scuola domani&#8221;, ha concluso Bianchi.<br \/>\n(ITALPRESS).<\/div>\n<div id=\"div-gpt-ad-Messinaoggi.it-DSK-300x250-corpoart\" style=\"text-align:center;margin:0 auto;\"><\/div><\/p><div id=\"videoincontent\" style=\"clear:both\";><\/div>","protected":false},"excerpt":{"rendered":"<p>ROMA (ITALPRESS) &#8211; &#8220;Ho parlato costantemente con le rappresentanza dei presidi, il dialogo \u00e8 continuo. C&#8217;\u00e8 sicuramente la possibilit\u00e0 che domani manchi personale nelle scuole. Noi abbiamo messo 400 milioni per rinnovare e potenziare il personale proprio per l&#8217;emergenza legata al Covid. Si tratta di 35.000 docenti e di altrettanto personale tecnico in pi\u00f9. Ricordo [&hellip;]<\/p>\n","protected":false},"author":18,"featured_media":93099,"comment_status":"closed","ping_status":"closed","sticky":false,"template":"","format":"standard","meta":{"ub_ctt_via":"","_mi_skip_tracking":false},"categories":[221,446],"tags":[783],"featured_image_src":"https:\/\/www.messinaoggi.it\/website\/wp-content\/uploads\/2022\/01\/20220109_1607.jpg","author_info":{"display_name":"Admin","author_link":"https:\/\/www.messinaoggi.it\/website\/author\/admin\/"},"digistream_id":0,"digistream":false,"_links":{"self":[{"href":"https:\/\/www.messinaoggi.it\/website\/wp-json\/wp\/v2\/posts\/93098"}],"collection":[{"href":"https:\/\/www.messinaoggi.it\/website\/wp-json\/wp\/v2\/posts"}],"about":[{"href":"https:\/\/www.messinaoggi.it\/website\/wp-json\/wp\/v2\/types\/post"}],"author":[{"embeddable":true,"href":"https:\/\/www.messinaoggi.it\/website\/wp-json\/wp\/v2\/users\/18"}],"replies":[{"embeddable":true,"href":"https:\/\/www.messinaoggi.it\/website\/wp-json\/wp\/v2\/comments?post=93098"}],"version-history":[{"count":1,"href":"https:\/\/www.messinaoggi.it\/website\/wp-json\/wp\/v2\/posts\/93098\/revisions"}],"predecessor-version":[{"id":93121,"href":"https:\/\/www.messinaoggi.it\/website\/wp-json\/wp\/v2\/posts\/93098\/revisions\/93121"}],"wp:featuredmedia":[{"embeddable":true,"href":"https:\/\/www.messinaoggi.it\/website\/wp-json\/wp\/v2\/media\/93099"}],"wp:attachment":[{"href":"https:\/\/www.messinaoggi.it\/website\/wp-json\/wp\/v2\/media?parent=93098"}],"wp:term":[{"taxonomy":"category","embeddable":true,"href":"https:\/\/www.messinaoggi.it\/website\/wp-json\/wp\/v2\/categories?post=93098"},{"taxonomy":"post_tag","embeddable":true,"href":"https:\/\/www.messinaoggi.it\/website\/wp-json\/wp\/v2\/tags?post=93098"}],"curies":[{"name":"wp","href":"https:\/\/api.w.org\/{rel}","templated":true}]}}