{"id":93084,"date":"2022-01-09T16:07:35","date_gmt":"2022-01-09T15:07:35","guid":{"rendered":"https:\/\/www.messinaoggi.it\/website\/2022\/01\/09\/covid-figliuolo-la-barriera-del-vaccino-funziona\/"},"modified":"2022-01-09T18:12:11","modified_gmt":"2022-01-09T17:12:11","slug":"covid-figliuolo-la-barriera-del-vaccino-funziona","status":"publish","type":"post","link":"https:\/\/www.messinaoggi.it\/website\/2022\/01\/09\/covid-figliuolo-la-barriera-del-vaccino-funziona\/","title":{"rendered":"Covid, Figliuolo: \u201cLa barriera del vaccino funziona\u201d"},"content":{"rendered":"<div>ROMA (ITALPRESS) &#8211; &#8220;La variante Omicron ha scombussolato tutti i piani. I contagi sono tanti ma sono legati anche a molti pi\u00f9 tamponi. A una crescita esponenziale dei contagi fortunatamente si osserva una crescita lineare di ospedalizzazione e terapia intensiva e comunque molto legati a chi non \u00e8 vaccinato. Se facciamo un confronto con l&#8217;anno scorso quando c&#8217;erano molti meno contagi avevamo quasi il doppio di ospedalizzazioni e terapie intensive e pi\u00f9 decessi. La barriera dei vaccini ha funzionato, se il vaccino viene bucato da Omicron non si pu\u00f2 dire che lo stesso si osserva sulla malattia grave. Nei 120 giorni la barriera tiene molto&#8221;. Cos\u00ec Francesco Paolo Figliuolo, commissario straordinario all&#8217;emergenza Covid, a &#8220;Mezz&#8217;ora in pi\u00f9&#8221; su Rai3.<div id=\"div-gpt-ad-Messinaoggi.it-DSK-300x250-corpoart\" style=\"text-align:center;margin:0 auto;\"><\/div><\/p>\n<p>&#8220;Abbiamo gi\u00e0 fatto quasi 23 milioni di booster, siamo quasi al 50% di chi ha ricevuto la doppia vaccinazione e quindi al 38% sulla popolazione generale e questi numeri ci pongono davanti a Spagna e Portogallo, vicinissimi ai valori assoluti della Germania&#8221;, ha aggiunto Figliuolo, evidenziando: &#8220;Il problema \u00e8 vaccinare quelli che non hanno mai visto il siero. Stiamo lavorando per persuadere con tutti i mezzi coloro che non sono vaccinati e che rischiano tantissimo&#8221;.<br \/>\n(ITALPRESS).<div id=\"videoincontent\" style=\"clear:both\";><\/div><\/p><\/div>\n","protected":false},"excerpt":{"rendered":"<p>ROMA (ITALPRESS) &#8211; &#8220;La variante Omicron ha scombussolato tutti i piani. I contagi sono tanti ma sono legati anche a molti pi\u00f9 tamponi. A una crescita esponenziale dei contagi fortunatamente si osserva una crescita lineare di ospedalizzazione e terapia intensiva e comunque molto legati a chi non \u00e8 vaccinato. Se facciamo un confronto con l&#8217;anno [&hellip;]<\/p>\n","protected":false},"author":18,"featured_media":93085,"comment_status":"closed","ping_status":"closed","sticky":false,"template":"","format":"standard","meta":{"ub_ctt_via":"","_mi_skip_tracking":false},"categories":[221,446],"tags":[783],"featured_image_src":"https:\/\/www.messinaoggi.it\/website\/wp-content\/uploads\/2022\/01\/20220109_0607.jpg","author_info":{"display_name":"Admin","author_link":"https:\/\/www.messinaoggi.it\/website\/author\/admin\/"},"digistream_id":0,"digistream":false,"_links":{"self":[{"href":"https:\/\/www.messinaoggi.it\/website\/wp-json\/wp\/v2\/posts\/93084"}],"collection":[{"href":"https:\/\/www.messinaoggi.it\/website\/wp-json\/wp\/v2\/posts"}],"about":[{"href":"https:\/\/www.messinaoggi.it\/website\/wp-json\/wp\/v2\/types\/post"}],"author":[{"embeddable":true,"href":"https:\/\/www.messinaoggi.it\/website\/wp-json\/wp\/v2\/users\/18"}],"replies":[{"embeddable":true,"href":"https:\/\/www.messinaoggi.it\/website\/wp-json\/wp\/v2\/comments?post=93084"}],"version-history":[{"count":1,"href":"https:\/\/www.messinaoggi.it\/website\/wp-json\/wp\/v2\/posts\/93084\/revisions"}],"predecessor-version":[{"id":93088,"href":"https:\/\/www.messinaoggi.it\/website\/wp-json\/wp\/v2\/posts\/93084\/revisions\/93088"}],"wp:featuredmedia":[{"embeddable":true,"href":"https:\/\/www.messinaoggi.it\/website\/wp-json\/wp\/v2\/media\/93085"}],"wp:attachment":[{"href":"https:\/\/www.messinaoggi.it\/website\/wp-json\/wp\/v2\/media?parent=93084"}],"wp:term":[{"taxonomy":"category","embeddable":true,"href":"https:\/\/www.messinaoggi.it\/website\/wp-json\/wp\/v2\/categories?post=93084"},{"taxonomy":"post_tag","embeddable":true,"href":"https:\/\/www.messinaoggi.it\/website\/wp-json\/wp\/v2\/tags?post=93084"}],"curies":[{"name":"wp","href":"https:\/\/api.w.org\/{rel}","templated":true}]}}