{"id":93060,"date":"2022-01-09T12:20:20","date_gmt":"2022-01-09T11:20:20","guid":{"rendered":"http:\/\/www.messinaoggi.it\/website\/?p=93060"},"modified":"2022-01-09T12:21:14","modified_gmt":"2022-01-09T11:21:14","slug":"gas-a-vulcano-abitazione-inagibile","status":"publish","type":"post","link":"https:\/\/www.messinaoggi.it\/website\/2022\/01\/09\/gas-a-vulcano-abitazione-inagibile\/","title":{"rendered":"Gas a Vulcano, abitazione inagibile"},"content":{"rendered":"\n<p>Per il rischio gas a Vulcano, nelle Eolie, una abitazione \u00e8 stata dichiarata inagibile con ordinanza del sindaco Marco Giorgianni. Il pericolo gas \u00e8 stato rilevato dai tecnici della societ\u00e0 \u201cFagor Consulting\u201d che \u00e8 stata incaricata dall\u2019amministrazione comunale di effettuare un monitoraggio in tutte le abitazioni della zona del Porto di Levante. Le apparecchiature hanno rilevato un\u2019anomala concentrazione di Co2. La casa era gi\u00e0 disabitata. Nell\u2019isola quasi tutte le famiglie sono rientrate nelle loro case in \u201czona rossa\u201d (Porto Levante, Sotto Lentia e Istmo di Vulcanello), tranne alcuni soggetti fragili e con problemi respiratori. Vietato l\u2019accesso invece in un tratto di zona ai piedi del cratere dove vi sono alcune case e anche dei capannoni, perch\u00e8 area a rischio gas. Nell\u2019isola delle Eolie continuano le verifiche anche da parte dell\u2019Arpa e dell\u2019Ispra, mentre il sindaco Marco Giorgianni ha in programma un\u2019assemblea pubblica con tutti gli esperti e la cittadinanza. In base ai nuovi dati che emergeranno si adeguer\u00e0 anche il nuovo piano di Protezione civile e verr\u00e0 organizzata una esercitazione simulata di evacuazione dell\u2019isola. L\u2019emergenza Vulcano dal governo Draghi \u00e8 stata dichiarata fino a giugno ovviamente tra gli operatori serpeggia preoccupazione per le possibili conseguenze a livello turistico.<div id=\"div-gpt-ad-Messinaoggi.it-DSK-300x250-corpoart\" style=\"text-align:center;margin:0 auto;\"><\/div><\/p>\n<div id=\"videoincontent\" style=\"clear:both\";><\/div>","protected":false},"excerpt":{"rendered":"<p>Per il rischio gas a Vulcano, nelle Eolie, una abitazione \u00e8 stata dichiarata inagibile con ordinanza del sindaco Marco Giorgianni. Il pericolo gas \u00e8 stato rilevato dai tecnici della societ\u00e0 \u201cFagor Consulting\u201d che \u00e8 stata incaricata dall\u2019amministrazione comunale di effettuare un monitoraggio in tutte le abitazioni della zona del Porto di Levante. Le apparecchiature hanno [&hellip;]<\/p>\n","protected":false},"author":4,"featured_media":88126,"comment_status":"open","ping_status":"open","sticky":false,"template":"","format":"standard","meta":{"ub_ctt_via":"","_mi_skip_tracking":false},"categories":[13,14],"tags":[2087],"featured_image_src":"https:\/\/www.messinaoggi.it\/website\/wp-content\/uploads\/2021\/11\/IMG-20211119-WA0052.jpg","author_info":{"display_name":"redme","author_link":"https:\/\/www.messinaoggi.it\/website\/author\/redme\/"},"digistream_id":0,"digistream":false,"_links":{"self":[{"href":"https:\/\/www.messinaoggi.it\/website\/wp-json\/wp\/v2\/posts\/93060"}],"collection":[{"href":"https:\/\/www.messinaoggi.it\/website\/wp-json\/wp\/v2\/posts"}],"about":[{"href":"https:\/\/www.messinaoggi.it\/website\/wp-json\/wp\/v2\/types\/post"}],"author":[{"embeddable":true,"href":"https:\/\/www.messinaoggi.it\/website\/wp-json\/wp\/v2\/users\/4"}],"replies":[{"embeddable":true,"href":"https:\/\/www.messinaoggi.it\/website\/wp-json\/wp\/v2\/comments?post=93060"}],"version-history":[{"count":1,"href":"https:\/\/www.messinaoggi.it\/website\/wp-json\/wp\/v2\/posts\/93060\/revisions"}],"predecessor-version":[{"id":93061,"href":"https:\/\/www.messinaoggi.it\/website\/wp-json\/wp\/v2\/posts\/93060\/revisions\/93061"}],"wp:featuredmedia":[{"embeddable":true,"href":"https:\/\/www.messinaoggi.it\/website\/wp-json\/wp\/v2\/media\/88126"}],"wp:attachment":[{"href":"https:\/\/www.messinaoggi.it\/website\/wp-json\/wp\/v2\/media?parent=93060"}],"wp:term":[{"taxonomy":"category","embeddable":true,"href":"https:\/\/www.messinaoggi.it\/website\/wp-json\/wp\/v2\/categories?post=93060"},{"taxonomy":"post_tag","embeddable":true,"href":"https:\/\/www.messinaoggi.it\/website\/wp-json\/wp\/v2\/tags?post=93060"}],"curies":[{"name":"wp","href":"https:\/\/api.w.org\/{rel}","templated":true}]}}