{"id":9306,"date":"2017-10-10T09:00:39","date_gmt":"2017-10-10T07:00:39","guid":{"rendered":"http:\/\/www.messinaoggi.it\/website\/?p=9306"},"modified":"2017-10-10T09:00:39","modified_gmt":"2017-10-10T07:00:39","slug":"siglata-convenzione-tra-nautico-e-pegasus-per-realizzare-modello-its-interregionale","status":"publish","type":"post","link":"https:\/\/www.messinaoggi.it\/website\/2017\/10\/10\/siglata-convenzione-tra-nautico-e-pegasus-per-realizzare-modello-its-interregionale\/","title":{"rendered":"Siglata convenzione tra Nautico e Pegasus per realizzare modello ITS interregionale"},"content":{"rendered":"<p style=\"text-align: justify\" align=\"JUSTIFY\"><span style=\"font-family: Arial, sans-serif\"><span style=\"font-size: medium\">Sviluppare un modello ITS interregionale tra Calabria e Sicilia. \u00c8 questo l&#8217;obiettivo che si pongono gli istituti superiori &#8220;Caio Duilio&#8221; di Messina e &#8220;Pegasus&#8221; di Polistena (provincia di Reggio Calabria), i quali hanno siglato ieri una convenzione quadro volta a integrare l&#8217;offerta formativa ricompresa nell&#8217;area dello Stretto in un&#8217;ottica di collaborazione multiregionale, nazionale e comunitaria.<\/span><\/span><div id=\"div-gpt-ad-Messinaoggi.it-DSK-300x250-corpoart\" style=\"text-align:center;margin:0 auto;\"><\/div><\/p>\n<p style=\"text-align: justify\" align=\"JUSTIFY\"><span style=\"font-family: Arial, sans-serif\"><span style=\"font-size: medium\">Oggetto della convenzione \u00e8 anche la realizzazione, la promozione e la divulgazione di informazioni e consulenze per l&#8217;orientamento dei giovani, delle loro famiglie e degli insegnanti, attraverso la creazione di una rete che assicuri i giusti collegamenti con gli organismi territoriali e le istituzioni pubbliche per la realizzazione di un sistema di riferimento condiviso, sostenibile e misurabile in termini di impatto sulle persone e sulla societ\u00e0.<\/span><\/span><div id=\"videoincontent\" style=\"clear:both\";><\/div><\/p>\n<p style=\"text-align: justify\" align=\"JUSTIFY\"><span style=\"font-family: Arial, sans-serif\"><span style=\"font-size: medium\">Responsabili scientifici per la gestione della convenzione sono il Dirigente scolastico dell&#8217;ITTL &#8220;Caio Duilio&#8221;, professoressa Maria Schir\u00f2, e il Direttore della fondazione ITS &#8220;Pegasus&#8221;, Domenico Napoli.<\/span><\/span><\/p>\n<p style=\"text-align: justify\" align=\"JUSTIFY\"><span style=\"font-family: Arial, sans-serif\"><span style=\"font-size: medium\">La Fondazione ITS &#8220;Pegasus&#8221; opera nell&#8217;ambito della mobilit\u00e0 sostenibile in relazione alle priorit\u00e0 strategiche per lo sviluppo economico del paese e negli ambiti e secondo le priorit\u00e0 indicati dalla programmazione regionale calabrese.<\/span><\/span><\/p>\n<p style=\"text-align: justify\" align=\"JUSTIFY\"><span style=\"font-family: Arial, sans-serif\"><span style=\"font-size: medium\">&#8220;Tra gli ambiti attenzionati &#8211; ha evidenziato il presidente della Fondazione Pegasus, ingegnere Ferdinando Loiacono &#8211; oltre quello dei trasporti marittimi, c&#8217;\u00e8 quello relativo alla Logistica ed alla Mobilit\u00e0 ed in particolare, tra le altre, \u00e8 stata recentemente firmata una convenzione con l&#8217;Anas per l&#8217;informatizzazione dell&#8217;autostrada Salerno-Reggio Calabria. I nostri allievi, infatti,andranno a svolgere degli stage presso l&#8217;Anas\u201d.<\/span><\/span><\/p>\n<p style=\"text-align: justify\" align=\"JUSTIFY\"><span style=\"font-family: Arial, sans-serif\"><span style=\"font-size: medium\">Soddisfatta anche il Dirigente scolastico del &#8220;Caio Duilio&#8221;, che ha sottolineato l&#8217;importanza di questi patti sinergici che aprono nuove possibilit\u00e0 di lavoro in un&#8217;ottica di conurbazione tra due realt\u00e0 fondamentali come quelle messinesi e reggine.<\/span><\/span><\/p>\n","protected":false},"excerpt":{"rendered":"<p>Sviluppare un modello ITS interregionale tra Calabria e Sicilia. \u00c8 questo l&#8217;obiettivo che si pongono gli istituti superiori &#8220;Caio Duilio&#8221; di Messina e &#8220;Pegasus&#8221; di Polistena (provincia di Reggio Calabria), i quali hanno siglato ieri una convenzione quadro volta a integrare l&#8217;offerta formativa ricompresa nell&#8217;area dello Stretto in un&#8217;ottica di collaborazione multiregionale, nazionale e comunitaria. [&hellip;]<\/p>\n","protected":false},"author":8,"featured_media":9307,"comment_status":"closed","ping_status":"open","sticky":false,"template":"","format":"standard","meta":{"ub_ctt_via":"","_mi_skip_tracking":false},"categories":[7],"tags":[],"featured_image_src":"https:\/\/www.messinaoggi.it\/website\/wp-content\/uploads\/2017\/10\/convenzione-tra-ITTL-Nautico-e-ITS-Pegasus.jpg","author_info":{"display_name":"red..me","author_link":"https:\/\/www.messinaoggi.it\/website\/author\/redstage\/"},"digistream_id":0,"digistream":false,"_links":{"self":[{"href":"https:\/\/www.messinaoggi.it\/website\/wp-json\/wp\/v2\/posts\/9306"}],"collection":[{"href":"https:\/\/www.messinaoggi.it\/website\/wp-json\/wp\/v2\/posts"}],"about":[{"href":"https:\/\/www.messinaoggi.it\/website\/wp-json\/wp\/v2\/types\/post"}],"author":[{"embeddable":true,"href":"https:\/\/www.messinaoggi.it\/website\/wp-json\/wp\/v2\/users\/8"}],"replies":[{"embeddable":true,"href":"https:\/\/www.messinaoggi.it\/website\/wp-json\/wp\/v2\/comments?post=9306"}],"version-history":[{"count":0,"href":"https:\/\/www.messinaoggi.it\/website\/wp-json\/wp\/v2\/posts\/9306\/revisions"}],"wp:featuredmedia":[{"embeddable":true,"href":"https:\/\/www.messinaoggi.it\/website\/wp-json\/wp\/v2\/media\/9307"}],"wp:attachment":[{"href":"https:\/\/www.messinaoggi.it\/website\/wp-json\/wp\/v2\/media?parent=9306"}],"wp:term":[{"taxonomy":"category","embeddable":true,"href":"https:\/\/www.messinaoggi.it\/website\/wp-json\/wp\/v2\/categories?post=9306"},{"taxonomy":"post_tag","embeddable":true,"href":"https:\/\/www.messinaoggi.it\/website\/wp-json\/wp\/v2\/tags?post=9306"}],"curies":[{"name":"wp","href":"https:\/\/api.w.org\/{rel}","templated":true}]}}