{"id":93057,"date":"2022-01-09T10:35:12","date_gmt":"2022-01-09T09:35:12","guid":{"rendered":"http:\/\/www.messinaoggi.it\/website\/?p=93057"},"modified":"2022-01-09T10:35:22","modified_gmt":"2022-01-09T09:35:22","slug":"hub-vaccinale-spostato-da-taormina-a-letojanni","status":"publish","type":"post","link":"https:\/\/www.messinaoggi.it\/website\/2022\/01\/09\/hub-vaccinale-spostato-da-taormina-a-letojanni\/","title":{"rendered":"Hub vaccinale spostato da Taormina a Letojanni"},"content":{"rendered":"\n<p>&#8220;Ho disposto il trasferimento del Centro vaccinale\u00a0di Taormina\u00a0 al Palazzo Congressi\u00a0 a Letojanni da domani. Abbiamo preso questa decisione per venire incontro alle esigenze dei cittadini, prevedendo cosi la vaccinazione in un Hub pi\u00f9 grande con spazi di oltre mille metri quadri e\u00a0 la possibilit\u00e0 per le persone di attendere al coperto. Il nuovo Centro sar\u00e0 aperto da luned\u00ec a sabato dalle\u00a0 9 alle 15 e\u00a0 da gioved\u00ec a sabato dalle 15 alle 19 anche per i vaccini pediatrici&#8221;. Lo ha detto il commissario dell&#8217;emergenza Covid 19 di Messina Alberto Firenze che ha aggiunto: &#8220;Sono sicuro &#8211; che l&#8217;istituzione di questo nuovo Centro vaccinale potr\u00e0 agevolare\u00a0 la somministrazione delle dosi con la possibilit\u00e0 di effettuare pi\u00f9 vaccini giornalieri. La collocazione \u00e8\u00a0 stata pensata anche per motivi logistici e per la migliore viabilit\u00e0 nella zona.\u00a0 Nell&#8217;area\u00a0 ionica rimarr\u00e0 sempre aperta anche Villa Ragno a Santa Teresa&#8221;.\u00a0<div id=\"div-gpt-ad-Messinaoggi.it-DSK-300x250-corpoart\" style=\"text-align:center;margin:0 auto;\"><\/div><\/p>\n<div id=\"videoincontent\" style=\"clear:both\";><\/div>","protected":false},"excerpt":{"rendered":"<p>&#8220;Ho disposto il trasferimento del Centro vaccinale\u00a0di Taormina\u00a0 al Palazzo Congressi\u00a0 a Letojanni da domani. Abbiamo preso questa decisione per venire incontro alle esigenze dei cittadini, prevedendo cosi la vaccinazione in un Hub pi\u00f9 grande con spazi di oltre mille metri quadri e\u00a0 la possibilit\u00e0 per le persone di attendere al coperto. Il nuovo Centro [&hellip;]<\/p>\n","protected":false},"author":4,"featured_media":93058,"comment_status":"open","ping_status":"open","sticky":false,"template":"","format":"standard","meta":{"ub_ctt_via":"","_mi_skip_tracking":false},"categories":[221],"tags":[1216,576,73],"featured_image_src":"https:\/\/www.messinaoggi.it\/website\/wp-content\/uploads\/2022\/01\/IMG-20220109-WA0003.jpg","author_info":{"display_name":"redme","author_link":"https:\/\/www.messinaoggi.it\/website\/author\/redme\/"},"digistream_id":0,"digistream":false,"_links":{"self":[{"href":"https:\/\/www.messinaoggi.it\/website\/wp-json\/wp\/v2\/posts\/93057"}],"collection":[{"href":"https:\/\/www.messinaoggi.it\/website\/wp-json\/wp\/v2\/posts"}],"about":[{"href":"https:\/\/www.messinaoggi.it\/website\/wp-json\/wp\/v2\/types\/post"}],"author":[{"embeddable":true,"href":"https:\/\/www.messinaoggi.it\/website\/wp-json\/wp\/v2\/users\/4"}],"replies":[{"embeddable":true,"href":"https:\/\/www.messinaoggi.it\/website\/wp-json\/wp\/v2\/comments?post=93057"}],"version-history":[{"count":1,"href":"https:\/\/www.messinaoggi.it\/website\/wp-json\/wp\/v2\/posts\/93057\/revisions"}],"predecessor-version":[{"id":93059,"href":"https:\/\/www.messinaoggi.it\/website\/wp-json\/wp\/v2\/posts\/93057\/revisions\/93059"}],"wp:featuredmedia":[{"embeddable":true,"href":"https:\/\/www.messinaoggi.it\/website\/wp-json\/wp\/v2\/media\/93058"}],"wp:attachment":[{"href":"https:\/\/www.messinaoggi.it\/website\/wp-json\/wp\/v2\/media?parent=93057"}],"wp:term":[{"taxonomy":"category","embeddable":true,"href":"https:\/\/www.messinaoggi.it\/website\/wp-json\/wp\/v2\/categories?post=93057"},{"taxonomy":"post_tag","embeddable":true,"href":"https:\/\/www.messinaoggi.it\/website\/wp-json\/wp\/v2\/tags?post=93057"}],"curies":[{"name":"wp","href":"https:\/\/api.w.org\/{rel}","templated":true}]}}