{"id":93028,"date":"2022-01-08T19:31:36","date_gmt":"2022-01-08T18:31:36","guid":{"rendered":"http:\/\/www.messinaoggi.it\/website\/?p=93028"},"modified":"2022-01-08T19:31:49","modified_gmt":"2022-01-08T18:31:49","slug":"costantino-si-rivolge-a-mattarella-messina-in-ginocchio-occorre-dialogo-e-serieta","status":"publish","type":"post","link":"https:\/\/www.messinaoggi.it\/website\/2022\/01\/08\/costantino-si-rivolge-a-mattarella-messina-in-ginocchio-occorre-dialogo-e-serieta\/","title":{"rendered":"Costantino si rivolge a Mattarella: &#8220;Messina in ginocchio, occorre dialogo e seriet\u00e0&#8221;"},"content":{"rendered":"\n<p>&#8220;Preg.ma Eccellenza, Le scrive Angelo Costantino, Garante dell\u2019Infanzia e dell\u2019Adolescenza del Comune di Messina, con rispetto per l\u2019altissimo ruolo che ricopre in rappresentanza del Governo del nostro amato Paese. Le scrivo con dispiacere per quanto sta accadendo nella citt\u00e0 di Messina circa l\u2019aumento vertiginoso delle positivit\u00e0 alla Sars Covid 2 di nostri concittadini e delle difficolt\u00e0 che molte famiglie stanno attraversando.<br>Le scrivo ancora per il pericoloso clima di tensione che si registra tra i rappresentanti degli organi politici della citt\u00e0, che purtroppo stanno coinvolgendo nelle polemiche i ragazzi ed i minorenni. Non ho alcun dato epidemiologico oggettivo per esprimermi circa l\u2019opportunit\u00e0 di chiudere i plessi scolastici ma ho contezza dell\u2019enorme disagio che le fasce pi\u00f9 deboli della citt\u00e0 stanno attraversando.<br>I nostri servizi di Neuropsichiatria Infantile accolgono ogni giorno nuove richieste di genitori e ragazzi che si sono ammalati a causa di questa emergenza; stiamo vivendo una pandemia dentro la pandemia che necessit\u00e0 di essere attenzionata. Purtroppo la situazione emergenziale, che ha colpito il mondo ormai da due anni, ha sconvolto le nostre vite quotidiane, i nostri equilibri lavorativi e familiari. Ogni giorno muoiono concittadini nei nostri ospedali ed i medici e gli operatori sanitari hanno da tempo la vita ipotecata da una emergenza che sembra non finire mai ed a loro va riconosciuto merito e gratitudine.<br>Premesso ci\u00f2, non posso non rappresentarLe la mia preoccupazione per il clima aggressivo e a tratti violento che si respira in citt\u00e0 tra le Istituzioni, in un tempo in cui sarebbe d\u2019obbligo assumere comportamenti ed atteggiamenti responsabili rivolti al bene comune. Preme rappresentarLe che nessun fine giustifica i mezzi in un Paese in cui gli organi democratici funzionano e si controllano a vicenda con il fine di garantire ad ogni cittadino cure, sicurezza ed opportunit\u00e0.<br>Nessuno \u00e8 giustificato ad utilizzare toni e metodi che ledono la dignit\u00e0 e la serenit\u00e0 di chi prova ad espletare il proprio compito nei contesti in cui \u00e8 chiamato ad assumere ruoli di responsabilit\u00e0.<br>Il dilagare del contagio da Covid in citt\u00e0 merita interventi emergenziali forti e si spera risolutivi, ma la corsa del Covid e l\u2019impennata dei contagi, prima in Europa e poi nel nostro Paese, erano abbondantemente previsti gi\u00e0 da fine novembre ma, nonostante ci\u00f2, in citt\u00e0 abbiamo fatto finta che il Covid non esistesse.<br>Spiace ricordare che la citt\u00e0 di Messina e la sua provincia ha a tutt\u2019oggi un tasso di vaccinazione molto al di sotto della media nazionale e della stessa Regione Sicilia ed era pertanto prevedibile che la citt\u00e0 venisse colpita da questa fortissima ondata spinta dalla nuova variante.<br>Appare, Eccellenza, ormai non pi\u00f9 rinviabile un Suo Autorevole intervento affinch\u00e9 le Istituzioni mettano in campo tutte le risorse a disposizione senza lesinare impegno e senso di responsabilit\u00e0. Non \u00e8 pi\u00f9 tollerabile per\u00f2 questo clima velenoso, aggressivo, divisorio, che non fa onore a Messina e ai Messinesi.<br>I bambini, i ragazzi, la loro scuola ed i loro bisogni non possono e non devono essere usati per polemiche politiche.<br>Questo \u00e8 il tempo del NOI e non dell\u2019IO; questo \u00e8 il tempo dell\u2019azione e non delle parole; questo \u00e8 il tempo della responsabilit\u00e0 e del rispetto.<br>Non \u00e8 consentito a nessuno utilizzare i ragazzi nello scontro politico perch\u00e9 saranno poi da soli a dover gestire i rapporti con i loro coetanei.<br>Tanti ragazzi, che a me si sono rivolti, discutono e litigano per le posizioni che i rappresentanti dei cittadini hanno assunto in questi giorni.<br>Le accuse sottili che si scambiano, la caccia alla \u201cgola profonda\u201d nelle chat degli studenti mi preoccupa per i possibili rischi di esclusione , bullismo e aggressivit\u00e0 che non fa bene ai giovani.<br>Il confronto con la Politica \u00e8 un momento alto per la loro formazione di cittadini liberi e consapevoli ma non si usino pi\u00f9 i loro spazi di confronto per attaccare ora chi governa ora chi sta all\u2019opposizione per denigrare l\u2019avversario.<br>Piuttosto, li si ascolti e li si informi di ci\u00f2 che sta accadendo con seriet\u00e0 ed equilibrio.<br>La citt\u00e0 \u00e8 in ginocchio, la povert\u00e0 \u00e8 dilagante, le famiglie, soprattutto le pi\u00f9 fragili gi\u00e0 prima della pandemia, faticano a rispondere ai bisogni dei bambini. Dietro una famiglia c\u2019\u00e8 spesso un bambino che ha necessit\u00e0 specifiche.<br>Non dimentichiamo i bambini diversamente abili, i minori stranieri non accompagnati, i minori in stato di abbandono in comunit\u00e0 e nelle case famiglie; a loro vada il sostegno in questo momento di difficolt\u00e0.<br>Se la DAD per due o tre settimane fosse necessaria, perch\u00e9 lo dicono i dati scientifici ed obiettivi, si mettano tutti nelle condizioni di poter vivere questo tempo sfortunato. Si concedano ai bambini in difficolt\u00e0 tablet e pc e si attivi un Wi-Fi pubblico, come richiesto dallo scrivente e da alcuni consiglieri comunali, gi\u00e0 dal marzo del 2020.<br>Si torni alla seriet\u00e0 e alla misura, si chieda conto a chi doveva fare e non ha fatto per gli ospedali, per i medici e gli operatori sanitari, per i vaccini e per la prevenzione.<br>Che si torni al senso di comunit\u00e0, alla solidariet\u00e0, al rispetto dell\u2019altro anche quando dice cose diverse da noi e magari sbaglia.<br>Chiedo a Lei, Preg.mo Prefetto, di farsi Garante di un clima di maggiore serenit\u00e0, di un linguaggio pi\u00f9 consono alle Istituzioni che non scada in inutili volgarit\u00e0 e attacchi.<br>Inoltro questa mia anche al Presidente della Repubblica Italiana Sergio Mattarella, illustre Siciliano, che nei prossimi giorni lascer\u00e0 il Suo incarico, dal quale ha servito lo Stato Italiano con equilibrio e saggezza, anche nei momenti pi\u00f9 difficili della nostra Repubblica.<br>Chieder\u00f2 al Presidente e ai suoi Uffici di intervenire se necessario per la citt\u00e0 di Messina.<br>Il Nostro Presidente in questi anni non ha mai smesso di stimolare tutti i Rappresentanti dello Stato al dialogo e al rispetto reciproco perch\u00e9 lo Stato democratico \u00e8 un regalo che i nostri nonni ci hanno lasciato in eredit\u00e0 e sta noi consegnarlo migliore alle nuove generazioni.<br>Ha la mia stima ed il mio rispetto Istituzionale, Preg.ma Eccellenza, e sono certo che questa mia non rester\u00e0 inascoltata.<br>Mi consideri disponibile per ogni esigenza e intervento a favore dei minori&#8221;.<div id=\"div-gpt-ad-Messinaoggi.it-DSK-300x250-corpoart\" style=\"text-align:center;margin:0 auto;\"><\/div><\/p>\n\n\n\n<p>Dott. Costantino Angelo, Garante dell\u2019infanzia e dell\u2019adolescenza del Comune di Messina<div id=\"videoincontent\" style=\"clear:both\";><\/div><\/p>\n","protected":false},"excerpt":{"rendered":"<p>&#8220;Preg.ma Eccellenza, Le scrive Angelo Costantino, Garante dell\u2019Infanzia e dell\u2019Adolescenza del Comune di Messina, con rispetto per l\u2019altissimo ruolo che ricopre in rappresentanza del Governo del nostro amato Paese. Le scrivo con dispiacere per quanto sta accadendo nella citt\u00e0 di Messina circa l\u2019aumento vertiginoso delle positivit\u00e0 alla Sars Covid 2 di nostri concittadini e delle [&hellip;]<\/p>\n","protected":false},"author":4,"featured_media":93029,"comment_status":"open","ping_status":"open","sticky":false,"template":"","format":"standard","meta":{"ub_ctt_via":"","_mi_skip_tracking":false},"categories":[6],"tags":[3630,2562],"featured_image_src":"https:\/\/www.messinaoggi.it\/website\/wp-content\/uploads\/2022\/01\/IMG-20220108-WA0027.jpg","author_info":{"display_name":"redme","author_link":"https:\/\/www.messinaoggi.it\/website\/author\/redme\/"},"digistream_id":0,"digistream":false,"_links":{"self":[{"href":"https:\/\/www.messinaoggi.it\/website\/wp-json\/wp\/v2\/posts\/93028"}],"collection":[{"href":"https:\/\/www.messinaoggi.it\/website\/wp-json\/wp\/v2\/posts"}],"about":[{"href":"https:\/\/www.messinaoggi.it\/website\/wp-json\/wp\/v2\/types\/post"}],"author":[{"embeddable":true,"href":"https:\/\/www.messinaoggi.it\/website\/wp-json\/wp\/v2\/users\/4"}],"replies":[{"embeddable":true,"href":"https:\/\/www.messinaoggi.it\/website\/wp-json\/wp\/v2\/comments?post=93028"}],"version-history":[{"count":1,"href":"https:\/\/www.messinaoggi.it\/website\/wp-json\/wp\/v2\/posts\/93028\/revisions"}],"predecessor-version":[{"id":93030,"href":"https:\/\/www.messinaoggi.it\/website\/wp-json\/wp\/v2\/posts\/93028\/revisions\/93030"}],"wp:featuredmedia":[{"embeddable":true,"href":"https:\/\/www.messinaoggi.it\/website\/wp-json\/wp\/v2\/media\/93029"}],"wp:attachment":[{"href":"https:\/\/www.messinaoggi.it\/website\/wp-json\/wp\/v2\/media?parent=93028"}],"wp:term":[{"taxonomy":"category","embeddable":true,"href":"https:\/\/www.messinaoggi.it\/website\/wp-json\/wp\/v2\/categories?post=93028"},{"taxonomy":"post_tag","embeddable":true,"href":"https:\/\/www.messinaoggi.it\/website\/wp-json\/wp\/v2\/tags?post=93028"}],"curies":[{"name":"wp","href":"https:\/\/api.w.org\/{rel}","templated":true}]}}