{"id":92862,"date":"2022-01-07T10:32:36","date_gmt":"2022-01-07T09:32:36","guid":{"rendered":"http:\/\/www.messinaoggi.it\/website\/?p=92862"},"modified":"2022-01-07T10:32:37","modified_gmt":"2022-01-07T09:32:37","slug":"meteo-da-giovedi-temperature-in-aumento","status":"publish","type":"post","link":"https:\/\/www.messinaoggi.it\/website\/2022\/01\/07\/meteo-da-giovedi-temperature-in-aumento\/","title":{"rendered":"Meteo, da gioved\u00ec temperature in aumento"},"content":{"rendered":"\n<p>Il Santo Natale ha aperto una nuova scorribanda libecciale che prelude a una rottura della stabilit\u00e0. In queste ultime ore, un vastissimo stuolo avvettivo imbottito di innocui cirrostrati sta introducendo il peggioramento meteoclimatico indotto dall&#8217;innesto di un debole fronte freddo d&#8217;estrazione Atlantica.<div id=\"div-gpt-ad-Messinaoggi.it-DSK-300x250-corpoart\" style=\"text-align:center;margin:0 auto;\"><\/div><\/p>\n\n\n\n<p>Come testifica eloquentemente Gfs, il transeunte richiamo mite di natura pre frontale sta per essere disattivato dall&#8217;imminente avvento di una blanda impostazione ciclonica. Un minimo depressionario appostato sul Tirreno meridionale richiamer\u00e0 correnti umide, che avvitandosi intorno al perno ciclonico smisteranno il sistema frontale sullo Campania e parte della Calabria.<div id=\"videoincontent\" style=\"clear:both\";><\/div><\/p>\n\n\n\n<p>Luned\u00ec, la Sicilia verr\u00e0 soltanto lambita dalla scorreria del sistema multicellulare che si avventer\u00e0 sullo coste campane e calabresi. Marted\u00ec il passaggio della propaggine orientale del nocciolo freddo in quota potr\u00e0 destabilizzare maggiormente la colonna d&#8217;aria, senza la necessaria polvere da sparo idonea alla genesi di temibili squall line. La stagnazione mite al suolo sar\u00e0 espulsa dall&#8217;ingresso di una temperata +4 a 850 hpa, che favorir\u00e0 un eccellente ricambio d&#8217;aria.<\/p>\n\n\n\n<p>Con questo quadro sinottico, le condizioni meteorologiche volgeranno all&#8217;instabilit\u00e0, pi\u00f9 marcata marted\u00ec pomeriggio. Luned\u00ec mattina una compatta nuvolosit\u00e0 avvettiva potrebbe dar luogo ad irrilevanti acquerugiole londinesi, senza apporti degni di nota. Marted\u00ec, una -23 a 500 hpa coadiuvata da un debole alito Atlantico a curvatura ciclonica potrebbe favorire l&#8217;innesco di qualche congesto marittimo, capace di apportare dei rovesci di pioggia localizzati, perlopi\u00f9 di moderata intensit\u00e1.<\/p>\n\n\n\n<p>I venti luned\u00ec saranno pressoch\u00e9 assenti sulla costa Tirrenica, con locali brezze di falso grecale (NE) lungo l&#8217;increspato Stretto di Messina.<\/p>\n\n\n\n<p>Marted\u00ec una sostenuta ventilazione dai quadranti settentrionali (NW) render\u00e0 molto mosso il Tirreno, ma i picchi eolici assumeranno peculiarit\u00e0 catabatiche. Per circa 3 h pericolosissime raffiche di caduta in intensificazione sul crinale dei Peloritani potranno raggiungere i 90-95 km\/h. In citt\u00e0 il maestrale catabatico non superer\u00e0 la soglia di attenzione (60-70 km\/h). La temperatura torner\u00e0 quasi in media stagionale da marted\u00ec, oscillando dai 10\u00b0 di minima ai 13\u00b0 di massima. Il tasso dell&#8217;Ur far\u00e0 segnare valori piuttosto elevati compresi fra il 60 e l&#8217;85%. Le tendenze del tempo a medio termine prefigurano qualche incertezza mercoledi, con nuvolosit\u00e1 irregolare accompagnata da isolati piovaschi qua e la.<\/p>\n\n\n\n<p>Ma da gioved\u00ec un massiccio anticiclone subtropicale dovrebbe giganteggiare su buona parte del Mediterraneo, riscaldando ragguardevolmente anche la Sicilia con una primaverile +13 a 850 hpa. Non sar\u00e0 utopia saggiare i primi 21-22\u00b0 all&#8217;ombra del 2022. Ma attentione alla refrigerante escursione termica.<\/p>\n\n\n\n<p><strong>Alessio Campobello<\/strong><\/p>\n","protected":false},"excerpt":{"rendered":"<p>Il Santo Natale ha aperto una nuova scorribanda libecciale che prelude a una rottura della stabilit\u00e0. In queste ultime ore, un vastissimo stuolo avvettivo imbottito di innocui cirrostrati sta introducendo il peggioramento meteoclimatico indotto dall&#8217;innesto di un debole fronte freddo d&#8217;estrazione Atlantica. Come testifica eloquentemente Gfs, il transeunte richiamo mite di natura pre frontale sta [&hellip;]<\/p>\n","protected":false},"author":8,"featured_media":92863,"comment_status":"open","ping_status":"open","sticky":false,"template":"","format":"standard","meta":{"ub_ctt_via":"","_mi_skip_tracking":false},"categories":[5],"tags":[1225,178],"featured_image_src":"https:\/\/www.messinaoggi.it\/website\/wp-content\/uploads\/2022\/01\/54b333e1-e883-42dd-9fd8-0355a3e27ee5.jpg","author_info":{"display_name":"red..me","author_link":"https:\/\/www.messinaoggi.it\/website\/author\/redstage\/"},"digistream_id":0,"digistream":false,"_links":{"self":[{"href":"https:\/\/www.messinaoggi.it\/website\/wp-json\/wp\/v2\/posts\/92862"}],"collection":[{"href":"https:\/\/www.messinaoggi.it\/website\/wp-json\/wp\/v2\/posts"}],"about":[{"href":"https:\/\/www.messinaoggi.it\/website\/wp-json\/wp\/v2\/types\/post"}],"author":[{"embeddable":true,"href":"https:\/\/www.messinaoggi.it\/website\/wp-json\/wp\/v2\/users\/8"}],"replies":[{"embeddable":true,"href":"https:\/\/www.messinaoggi.it\/website\/wp-json\/wp\/v2\/comments?post=92862"}],"version-history":[{"count":1,"href":"https:\/\/www.messinaoggi.it\/website\/wp-json\/wp\/v2\/posts\/92862\/revisions"}],"predecessor-version":[{"id":92864,"href":"https:\/\/www.messinaoggi.it\/website\/wp-json\/wp\/v2\/posts\/92862\/revisions\/92864"}],"wp:featuredmedia":[{"embeddable":true,"href":"https:\/\/www.messinaoggi.it\/website\/wp-json\/wp\/v2\/media\/92863"}],"wp:attachment":[{"href":"https:\/\/www.messinaoggi.it\/website\/wp-json\/wp\/v2\/media?parent=92862"}],"wp:term":[{"taxonomy":"category","embeddable":true,"href":"https:\/\/www.messinaoggi.it\/website\/wp-json\/wp\/v2\/categories?post=92862"},{"taxonomy":"post_tag","embeddable":true,"href":"https:\/\/www.messinaoggi.it\/website\/wp-json\/wp\/v2\/tags?post=92862"}],"curies":[{"name":"wp","href":"https:\/\/api.w.org\/{rel}","templated":true}]}}