{"id":92789,"date":"2022-01-06T12:02:52","date_gmt":"2022-01-06T11:02:52","guid":{"rendered":"https:\/\/www.messinaoggi.it\/website\/2022\/01\/06\/attivato-ambulatorio-di-oculistica-in-ospedale-mistretta\/"},"modified":"2022-01-06T17:48:01","modified_gmt":"2022-01-06T16:48:01","slug":"attivato-ambulatorio-di-oculistica-in-ospedale-mistretta","status":"publish","type":"post","link":"https:\/\/www.messinaoggi.it\/website\/2022\/01\/06\/attivato-ambulatorio-di-oculistica-in-ospedale-mistretta\/","title":{"rendered":"Attivato ambulatorio di Oculistica in ospedale Mistretta"},"content":{"rendered":"<div>\n<p>MESSINA (ITALPRESS) \u2013 L\u2019Asp di Messina grazie alla collaborazione con la Fondazione Giglio di Cefal\u00f9, ha deciso di attivare nell\u2019ospedale di Mistretta un\u2019attivit\u00e0 ambulatoriale di oculistica al fine di ampliare i servizi offerti dal nosocomio nebroideo. <br \/>Difatti, grazie all\u2019accordo stipulato tra il commissario straordinario dell\u2019Asp di Messina Bernardo Alagna e il presidente della Fondazione Giglio di Cefal\u00f9 Giovanni Albano, con il supporto di Giuseppe Giunchiglia responsabile del servizio di oculistica della Fondazione Giglio, sar\u00e0 attivo dal prossimo 13 gennaio un laboratorio di oculistica condiviso tra le due strutture sanitarie, che permetter\u00e0 di fornire ulteriori utili servizi sanitari per i cittadini. <br \/>Il servizio sar\u00e0 prenotabile al numero verde Cup dell\u2019Asp 800332277. <br \/>Il laboratorio sar\u00e0 aperto ogni gioved\u00ec dalle ore 9 alle ore 12. Il nuovo servizio sar\u00e0 curato oltre che dal responsabile Giunchiglia dall\u2019oculista Nicasio Ventura. <br \/>\u201cSi tratta \u2013 ha spiegato Alagna \u2013 di un esempio virtuoso di collaborazione tra istituzioni, reso possibile grazie alla determinazione dell\u2019assessore regionale alla Salute Ruggero Razza, che sicuramente porter\u00e0 ad una migliore offerta sanitaria per il territorio\u201d. <br \/>Della stessa idea anche il presidente della Fondazione Giglio Giovanni Albano. \u201cIn un momento cos\u00ec complicato per la sanit\u00e0 siciliana a causa della pandemia e della difficolta di reclutamento di personale \u2013 ha evidenziato Albano \u2013 ci \u00e8 sembrato doveroso avviare questa collaborazione con l\u2019Asp di Messina per poter dare il nostro contributo alla sanit\u00e0 nebroidea. Ringrazio l\u2019assessore Razza e il commissario Alagna per averci dato questa opportunit\u00e0\u201d. <br \/>Frattanto \u00e8 stata programmata per il 14 gennaio la nuova seduta di sala operatoria urologica nell\u2019ospedale di Mistretta.<br \/>(ITALPRESS).<div id=\"div-gpt-ad-Messinaoggi.it-DSK-300x250-corpoart\" style=\"text-align:center;margin:0 auto;\"><\/div><\/p>\n<\/div>\n<div id=\"videoincontent\" style=\"clear:both\";><\/div>","protected":false},"excerpt":{"rendered":"<p>MESSINA (ITALPRESS) \u2013 L\u2019Asp di Messina grazie alla collaborazione con la Fondazione Giglio di Cefal\u00f9, ha deciso di attivare nell\u2019ospedale di Mistretta un\u2019attivit\u00e0 ambulatoriale di oculistica al fine di ampliare i servizi offerti dal nosocomio nebroideo. Difatti, grazie all\u2019accordo stipulato tra il commissario straordinario dell\u2019Asp di Messina Bernardo Alagna e il presidente della Fondazione Giglio [&hellip;]<\/p>\n","protected":false},"author":18,"featured_media":92790,"comment_status":"closed","ping_status":"closed","sticky":false,"template":"","format":"standard","meta":{"ub_ctt_via":"","_mi_skip_tracking":false},"categories":[13,18,2449],"tags":[783],"featured_image_src":"https:\/\/www.messinaoggi.it\/website\/wp-content\/uploads\/2022\/01\/20220106_0236.jpg","author_info":{"display_name":"Admin","author_link":"https:\/\/www.messinaoggi.it\/website\/author\/admin\/"},"digistream_id":0,"digistream":false,"_links":{"self":[{"href":"https:\/\/www.messinaoggi.it\/website\/wp-json\/wp\/v2\/posts\/92789"}],"collection":[{"href":"https:\/\/www.messinaoggi.it\/website\/wp-json\/wp\/v2\/posts"}],"about":[{"href":"https:\/\/www.messinaoggi.it\/website\/wp-json\/wp\/v2\/types\/post"}],"author":[{"embeddable":true,"href":"https:\/\/www.messinaoggi.it\/website\/wp-json\/wp\/v2\/users\/18"}],"replies":[{"embeddable":true,"href":"https:\/\/www.messinaoggi.it\/website\/wp-json\/wp\/v2\/comments?post=92789"}],"version-history":[{"count":1,"href":"https:\/\/www.messinaoggi.it\/website\/wp-json\/wp\/v2\/posts\/92789\/revisions"}],"predecessor-version":[{"id":92814,"href":"https:\/\/www.messinaoggi.it\/website\/wp-json\/wp\/v2\/posts\/92789\/revisions\/92814"}],"wp:featuredmedia":[{"embeddable":true,"href":"https:\/\/www.messinaoggi.it\/website\/wp-json\/wp\/v2\/media\/92790"}],"wp:attachment":[{"href":"https:\/\/www.messinaoggi.it\/website\/wp-json\/wp\/v2\/media?parent=92789"}],"wp:term":[{"taxonomy":"category","embeddable":true,"href":"https:\/\/www.messinaoggi.it\/website\/wp-json\/wp\/v2\/categories?post=92789"},{"taxonomy":"post_tag","embeddable":true,"href":"https:\/\/www.messinaoggi.it\/website\/wp-json\/wp\/v2\/tags?post=92789"}],"curies":[{"name":"wp","href":"https:\/\/api.w.org\/{rel}","templated":true}]}}