{"id":92784,"date":"2022-01-06T11:16:09","date_gmt":"2022-01-06T10:16:09","guid":{"rendered":"http:\/\/www.messinaoggi.it\/website\/?p=92784"},"modified":"2022-01-06T18:20:34","modified_gmt":"2022-01-06T17:20:34","slug":"processo-fenapi-il-10-la-sentenza-che-preoccupa-de-luca","status":"publish","type":"post","link":"https:\/\/www.messinaoggi.it\/website\/2022\/01\/06\/processo-fenapi-il-10-la-sentenza-che-preoccupa-de-luca\/","title":{"rendered":"Processo Fenapi, il 10 la sentenza che preoccupa De Luca"},"content":{"rendered":"\n<p>L&#8217;appuntamento \u00e8 fissato per <strong>luned\u00ec 10 gennaio<\/strong> <strong>2022<\/strong>, giorno in cui i giudici del Tribunale di Messina emetteranno la sentenza per il cosiddetto processo &#8220;<strong>Fenapi<\/strong>&#8220;. L&#8217;inchiesta che all&#8217;indomani dell&#8217;elezione a deputato regionale un nuovo inizio di guai giudiziari per <strong>Cateno De Luca, <\/strong>con l&#8217;accusa di avere evaso tasse milionarie nell&#8217;ambito di una gestione &#8220;<strong>ballerina<\/strong>&#8221; dell&#8217;Ente creato dal <strong>caudillo di Fiumedinisi.<\/strong><div id=\"div-gpt-ad-Messinaoggi.it-DSK-300x250-corpoart\" style=\"text-align:center;margin:0 auto;\"><\/div><\/p>\n\n\n\n<p>Sgombriamo subito il campo da possibili equivoci, perch\u00e9 anche in caso di condanna <strong>De Luca<\/strong> potr\u00e0 continuare a fare il sindaco dal momento che per questo genere di reato non interviene la <strong>legge-Severino<\/strong>.<div id=\"videoincontent\" style=\"clear:both\";><\/div><\/p>\n\n\n\n<p>Il pubblico ministero ha richiesto <strong>una condanna a tre anni<\/strong>, i giudici potrebbero assolvere il principale imputato, potrebbero confermare la richiesta della pubblica accusa, ma potrebbero anche aumentarla. Il 10 mattina lo sapremo. Fatto sta che il sindaco, al di l\u00e0 della sua manifesta tranquillit\u00e0, <strong>\u00e8 decisamente preoccupato<\/strong>.<\/p>\n\n\n\n<p>Una condanna, infatti, lo azzopperebbe da un punto di vista politico. Dovrebbe intanto modificare la sua <strong>dialettica politica<\/strong>, densa di accuse e insulti nei confronti dei <strong>malfattori della politica<\/strong>. Come potrebbe insultare &#8220;<strong>ladri<\/strong>&#8221; quelli che c&#8217;erano prima se poi egli stesso, sempre in caso di condanna, entrerebbe a fare parte di <strong>quell&#8217;ignobile categoria<\/strong>?<\/p>\n\n\n\n<p>Una condanna segnerebbe la sua carriera politica, perch\u00e9 risulterebbe iscritto nel <strong>&#8220;club&#8221; degli impresentabili<\/strong>. Quale partito o coalizione si imbarcherebbe un impresentabile? Anche se c&#8217;\u00e8 da dire che il nostro ordinamento giuridico prevede tre gradi di giudizio e qui siamo solo al primo. <\/p>\n\n\n\n<p>In caso di condanna con quale faccia <strong>Cateno De Luca <\/strong>si presenterebbe al cospetto del suo elettorato richiedendo piena fiducia? Volendo ricorrere ad una metafora, \u00e8 come se <strong>Drakula si presentasse all&#8217;Avis per una donazione di sangue<\/strong>.<\/p>\n\n\n\n<p>Insomma, motivi per non stare tranquillo l&#8217;arringatore volgare delle piazza ne ha tanti. E lo dimostra il fatto che per distogliere l&#8217;attenzione dell&#8217;opinione pubblica utilizza i Social come <strong>mezzi di distrazione di massa<\/strong>, proponendo tematiche che oggi &#8220;tirano&#8221;. <\/p>\n\n\n\n<p>Accuse al Consiglio comunale, reo di avere approvato il Bilancio <strong>consuntivo<\/strong> (<em>non consultivo, vero colleghi?<\/em>); oppure propagandare la chiusura delle scuole dopo che lo stesso <strong>De Luca<\/strong> aveva difeso a denti stretti i concerti di piazza.<\/p>\n\n\n\n<p class=\"has-text-align-right\"><strong>Davide Gambale<\/strong><\/p>\n","protected":false},"excerpt":{"rendered":"<p>L&#8217;appuntamento \u00e8 fissato per luned\u00ec 10 gennaio 2022, giorno in cui i giudici del Tribunale di Messina emetteranno la sentenza per il cosiddetto processo &#8220;Fenapi&#8220;. L&#8217;inchiesta che all&#8217;indomani dell&#8217;elezione a deputato regionale un nuovo inizio di guai giudiziari per Cateno De Luca, con l&#8217;accusa di avere evaso tasse milionarie nell&#8217;ambito di una gestione &#8220;ballerina&#8221; dell&#8217;Ente [&hellip;]<\/p>\n","protected":false},"author":2,"featured_media":23053,"comment_status":"open","ping_status":"open","sticky":false,"template":"","format":"standard","meta":{"ub_ctt_via":"","_mi_skip_tracking":false},"categories":[6],"tags":[3794,975],"featured_image_src":"https:\/\/www.messinaoggi.it\/website\/wp-content\/uploads\/2018\/08\/CatenoDeLuca-1.jpg","author_info":{"display_name":"Redazione","author_link":"https:\/\/www.messinaoggi.it\/website\/author\/redazione\/"},"digistream_id":0,"digistream":false,"_links":{"self":[{"href":"https:\/\/www.messinaoggi.it\/website\/wp-json\/wp\/v2\/posts\/92784"}],"collection":[{"href":"https:\/\/www.messinaoggi.it\/website\/wp-json\/wp\/v2\/posts"}],"about":[{"href":"https:\/\/www.messinaoggi.it\/website\/wp-json\/wp\/v2\/types\/post"}],"author":[{"embeddable":true,"href":"https:\/\/www.messinaoggi.it\/website\/wp-json\/wp\/v2\/users\/2"}],"replies":[{"embeddable":true,"href":"https:\/\/www.messinaoggi.it\/website\/wp-json\/wp\/v2\/comments?post=92784"}],"version-history":[{"count":2,"href":"https:\/\/www.messinaoggi.it\/website\/wp-json\/wp\/v2\/posts\/92784\/revisions"}],"predecessor-version":[{"id":92786,"href":"https:\/\/www.messinaoggi.it\/website\/wp-json\/wp\/v2\/posts\/92784\/revisions\/92786"}],"wp:featuredmedia":[{"embeddable":true,"href":"https:\/\/www.messinaoggi.it\/website\/wp-json\/wp\/v2\/media\/23053"}],"wp:attachment":[{"href":"https:\/\/www.messinaoggi.it\/website\/wp-json\/wp\/v2\/media?parent=92784"}],"wp:term":[{"taxonomy":"category","embeddable":true,"href":"https:\/\/www.messinaoggi.it\/website\/wp-json\/wp\/v2\/categories?post=92784"},{"taxonomy":"post_tag","embeddable":true,"href":"https:\/\/www.messinaoggi.it\/website\/wp-json\/wp\/v2\/tags?post=92784"}],"curies":[{"name":"wp","href":"https:\/\/api.w.org\/{rel}","templated":true}]}}