{"id":92780,"date":"2022-01-06T09:07:32","date_gmt":"2022-01-06T08:07:32","guid":{"rendered":"https:\/\/www.messinaoggi.it\/website\/2022\/01\/06\/renzi-chi-vuole-draghi-al-colle-costruisca-il-governo-del-dopo\/"},"modified":"2022-01-06T11:18:06","modified_gmt":"2022-01-06T10:18:06","slug":"renzi-chi-vuole-draghi-al-colle-costruisca-il-governo-del-dopo","status":"publish","type":"post","link":"https:\/\/www.messinaoggi.it\/website\/2022\/01\/06\/renzi-chi-vuole-draghi-al-colle-costruisca-il-governo-del-dopo\/","title":{"rendered":"Renzi \u201cChi vuole Draghi al Colle costruisca il Governo del dopo\u201d"},"content":{"rendered":"<div>ROMA (ITALPRESS) &#8211; &#8220;I cittadini si aspettano di vaccinarsi velocemente e di convivere con il virus come siamo destinati a fare. Il quorum al primo scrutinio \u00e8 arduo da raggiungere. L&#8217;elezione del capo dello Stato richiede intelligenza politica: Bersani nel 2013 bruci\u00f2 Marini insistendo per riuscirci alla prima. Che sia eletto luned\u00ec 24 o gioved\u00ec 27 cambia poco: deve starci sette anni, cosa vuole che siano tre giorni in pi\u00f9?&#8221;. Cos\u00ec, in un&#8217;intervista al Corriere della Sera, il leader di Italia Viva, Matteo Renzi, secondo cui &#8220;Meloni ha bisogno delle elezioni perch\u00e8 ha iniziato il calo nei sondaggi. La crisi di Conte \u00e8 conclamata e Di Maio aspetta solo le Amministrative di primavera per fargli le scarpe. Quanto a Letta, se non si vota deve fare il congresso e vincere le primarie, esercizio nel quale non ha grande esperienza. Loro vogliono il voto anticipato per esigenze personali. Io penso che invece le elezioni vadano fatte a fine pandemia e con il Pnrr impostato, nel 2023. Dopo di che Draghi sarebbe un perfetto presidente della Repubblica come \u00e8 stato un perfetto premier. Se vogliamo mandarlo al Colle, tuttavia, serve la politica. Perch\u00e8 l&#8217;arrivo di Draghi non \u00e8 stata una sconfitta della politica ma un capolavoro della politica&#8221;. <br \/>&#8220;Nell&#8217;ultimo anno &#8211; sottolinea Renzi &#8211; ogni giorno sono stato fiero di aver combattuto con gli amici di Italia viva per mandare a casa Conte e portare Draghi. Persino chi ci odia dovrebbe dirci grazie: abbiamo salvato l&#8217;Italia. Non sono dunque titubante su Draghi, ma faccio politica. Draghi \u00e8 un punto di forza di questo Paese. Se vogliamo mantenerlo a Palazzo Chigi gli va data massima agibilit\u00e0 politica. Se vogliamo che stia al Colle va costruita una maggioranza presidenziale, ma anche una maggioranza politica per il governo del dopo. Per farlo serve una iniziativa politica non tweet a caso&#8221;.<br \/>&#8220;Vediamo come evolver\u00e0 il rapporto con i gruppi di Toti e Brugnaro &#8211; aggiunge -. Diciamo che senza di noi \u00e8 difficile fare un presidente della Repubblica. Ma senza di noi \u00e8 proprio impossibile fare un nuovo governo. Siamo i garanti della prosecuzione della legislatura fino a scadenza naturale&#8221;.<br \/>Alla domanda se un capo dello Stato di centrodestra per lui \u00e8 un problema, risponde: &#8220;No. La domanda per\u00f2 \u00e8 teorica, perch\u00e8 mi sembra che i primi a non voler costruire consenso su un candidato di quest&#8217;area siano proprio i colleghi del centrodestra. Hanno i numeri ma non la strategia&#8221;. Ed in merito a Berlusconi, &#8220;non lo vedo da quando abbiamo rotto su Sergio Mattarella. Era il gennaio 2015, esattamente sette anni fa. Mai pi\u00f9 visto. Non lo sento da agosto&#8221;. &#8220;Lui ci crede, pare &#8211; sottolinea Renzi -. Il resto del mondo ci crede molto meno&#8221;. E sui rapporti con Letta, &#8220;Enrico ci ha chiesto una mano per il collegio di Siena e gliela abbiamo data &#8211; dichiara Renzi -. Italia viva allora \u00e8 stata decisiva. Dal giorno dopo Letta ci ha espulsi dal centrosinistra addossandoci la responsabilit\u00e0 del suo fallimento sulla legge Zan. Ma forse doveva solo creare le condizioni per far rientrare D&#8217;Alema, adesso \u00e8 tutto pi\u00f9 chiaro. Se abbandona il rancore e prova a fare politica sa dove trovarci. Quanto a Dario, \u00e8 un professionista serio e rispettato. Fatico a trovare uno pi\u00f9 diverso da me, ma gli riconosco lucidit\u00e0. Avr\u00e0 ancora grandi responsabilit\u00e0 istituzionali ma non so dirle quali&#8221;. &#8220;Non so &#8211; poi aggiunge &#8211; se io sono la malattia del Pd come dice D&#8217;Alema. L&#8217;importante \u00e8 che, se io sono il malato, non mi curi il dottor D&#8217;Alema con le sue ricette e con i suoi ventilatori cinesi mal funzionanti, ma ben pagati dal commissario Arcuri. Torniamo alla politica, guardi, che \u00e8 meglio. Se i riformisti del Pd vogliono D&#8217;Alema e considerano un male ci\u00f2 che abbiamo fatto su tasse, industria 4.0, lavoro, sociale, diritti civili \u00e8 un problema loro, non mio. In tutto il mondo la sinistra diventa riformista, solo da noi diventa dalemiana. D&#8217;Alema che rientra nel Pd spiega in un solo gesto perch\u00e8 ha un senso Italia viva&#8221;.<br \/>Mentre sui rapporti con la Lega, &#8220;io e Salvini ci siamo sempre combattuti &#8211; spiega -. Continueremo a farlo. Se oggi lui non ha i pieni poteri lo deve alla mia mossa del cavallo del 2019. Dunque combattiamo contro ma lealmente. E sulla vicenda del Colle negare un ruolo al capo del centrodestra, che ad oggi \u00e8 Salvini, significa vivere fuori dal mondo&#8221;.<br \/>(ITALPRESS).<\/div>\n<div id=\"div-gpt-ad-Messinaoggi.it-DSK-300x250-corpoart\" style=\"text-align:center;margin:0 auto;\"><\/div><\/p><div id=\"videoincontent\" style=\"clear:both\";><\/div>","protected":false},"excerpt":{"rendered":"<p>ROMA (ITALPRESS) &#8211; &#8220;I cittadini si aspettano di vaccinarsi velocemente e di convivere con il virus come siamo destinati a fare. Il quorum al primo scrutinio \u00e8 arduo da raggiungere. L&#8217;elezione del capo dello Stato richiede intelligenza politica: Bersani nel 2013 bruci\u00f2 Marini insistendo per riuscirci alla prima. Che sia eletto luned\u00ec 24 o gioved\u00ec [&hellip;]<\/p>\n","protected":false},"author":18,"featured_media":92781,"comment_status":"closed","ping_status":"closed","sticky":false,"template":"","format":"standard","meta":{"ub_ctt_via":"","_mi_skip_tracking":false},"categories":[446,4],"tags":[783],"featured_image_src":"https:\/\/www.messinaoggi.it\/website\/wp-content\/uploads\/2022\/01\/20220106_0068.jpg","author_info":{"display_name":"Admin","author_link":"https:\/\/www.messinaoggi.it\/website\/author\/admin\/"},"digistream_id":0,"digistream":false,"_links":{"self":[{"href":"https:\/\/www.messinaoggi.it\/website\/wp-json\/wp\/v2\/posts\/92780"}],"collection":[{"href":"https:\/\/www.messinaoggi.it\/website\/wp-json\/wp\/v2\/posts"}],"about":[{"href":"https:\/\/www.messinaoggi.it\/website\/wp-json\/wp\/v2\/types\/post"}],"author":[{"embeddable":true,"href":"https:\/\/www.messinaoggi.it\/website\/wp-json\/wp\/v2\/users\/18"}],"replies":[{"embeddable":true,"href":"https:\/\/www.messinaoggi.it\/website\/wp-json\/wp\/v2\/comments?post=92780"}],"version-history":[{"count":1,"href":"https:\/\/www.messinaoggi.it\/website\/wp-json\/wp\/v2\/posts\/92780\/revisions"}],"predecessor-version":[{"id":92788,"href":"https:\/\/www.messinaoggi.it\/website\/wp-json\/wp\/v2\/posts\/92780\/revisions\/92788"}],"wp:featuredmedia":[{"embeddable":true,"href":"https:\/\/www.messinaoggi.it\/website\/wp-json\/wp\/v2\/media\/92781"}],"wp:attachment":[{"href":"https:\/\/www.messinaoggi.it\/website\/wp-json\/wp\/v2\/media?parent=92780"}],"wp:term":[{"taxonomy":"category","embeddable":true,"href":"https:\/\/www.messinaoggi.it\/website\/wp-json\/wp\/v2\/categories?post=92780"},{"taxonomy":"post_tag","embeddable":true,"href":"https:\/\/www.messinaoggi.it\/website\/wp-json\/wp\/v2\/tags?post=92780"}],"curies":[{"name":"wp","href":"https:\/\/api.w.org\/{rel}","templated":true}]}}