{"id":92776,"date":"2022-01-05T23:07:37","date_gmt":"2022-01-05T22:07:37","guid":{"rendered":"https:\/\/www.messinaoggi.it\/website\/2022\/01\/05\/covid-dal-cdm-via-libera-a-decreto-con-obbligo-vaccinale-per-over-50\/"},"modified":"2022-01-05T23:07:37","modified_gmt":"2022-01-05T22:07:37","slug":"covid-dal-cdm-via-libera-a-decreto-con-obbligo-vaccinale-per-over-50","status":"publish","type":"post","link":"https:\/\/www.messinaoggi.it\/website\/2022\/01\/05\/covid-dal-cdm-via-libera-a-decreto-con-obbligo-vaccinale-per-over-50\/","title":{"rendered":"Covid, dal Cdm via libera a decreto con obbligo vaccinale per over 50"},"content":{"rendered":"<div>ROMA (ITALPRESS) &#8211; Il Consiglio dei ministri ha approvato un decreto legge che mira a &#8220;rallentare&#8221; la curva di crescita dei contagi relativi alla pandemia e a fornire maggiore protezione a quelle categorie che sono pi\u00f9 esposte e che sono a maggior rischi di ospedalizzazione. Lo spiega palazzo Chigi. Il testo introduce l&#8217;obbligo vaccinale per tutti coloro che hanno compiuto i 50 anni. Per i lavoratori pubblici e privati con 50 anni di et\u00e0 sar\u00e0 necessario il Green Pass Rafforzato per l&#8217;accesso ai luoghi di lavoro a far data dal 15 febbraio prossimo. <br \/>Senza limiti di et\u00e0, l&#8217;obbligo vaccinale \u00e8 esteso al personale universitario cos\u00ec equiparato a quello scolastico.<br \/>E&#8217; esteso l&#8217;obbligo di Green Pass cosiddetto Ordinario a coloro che accedono a servizi alla persona. E inoltre a pubblici uffici, servizi postali, bancari e finanziari, attivit\u00e0 commerciali fatte salve eccezioni che saranno individuate con atto secondario per assicurare il soddisfacimento di esigenze essenziali e primarie della persona.<br \/>In merito allo Smart working, il Consiglio dei ministri \u00e8 stato informato dal Ministro della pubblica amministrazione, Renato Brunetta che \u00e8 stata adottata d&#8217;intesa con il ministro del Lavoro una circolare rivolta alle pubbliche amministrazioni e alle imprese private per raccomandare il massimo utilizzo, nelle prossime settimane, della flessibilit\u00e0 prevista dagli accordi contrattuali in tema di lavoro agile.<br \/>Per quanto riguarda la Scuola, cambiano le regole per la gestione dei casi di positivit\u00e0.<br \/>Scuola dell&#8217;infanzia: Gi\u00e0 in presenza di un caso di positivit\u00e0, \u00e8 prevista la sospensione delle attivit\u00e0 per una durata di dieci giorni. Scuola primaria (Scuola elementare): Con un caso di positivit\u00e0, si attiva la sorveglianza con testing. L&#8217;attivit\u00e0 in classe prosegue effettuando un test antigenico rapido o molecolare appena si viene a conoscenza del caso di positivit\u00e0 (T0), test che sar\u00e0 ripetuto dopo cinque giorni (T5). <br \/>In presenza di due o pi\u00f9 positivi \u00e8 prevista, per la classe in cui si verificano i casi di positivit\u00e0, la Dad per la durata di dieci giorni.<br \/>Scuola secondaria di I e II grado (Scuola media, liceo, istituti tecnici etc etc): Fino a un caso di positivit\u00e0 nella stessa classe \u00e8 prevista l&#8217;autosorveglianza e con l&#8217;uso, in aula, delle mascherine FFP2. <br \/>Con due casi nella stessa classe \u00e8 prevista la didattica digitale integrata per coloro che hanno concluso il ciclo vaccinale primario da pi\u00f9 di 120 giorni, che sono guariti da pi\u00f9 di 120 giorni, che non hanno avuto la dose di richiamo. Per tutti gli altri, \u00e8 prevista la prosecuzione delle attivit\u00e0 in presenza con l&#8217;autosorveglianza e l&#8217;utilizzo di mascherine FFP2 in classe. <br \/>Con tre casi nella stessa classe \u00e8 prevista la Dad per dieci giorni.<br \/>&#8220;I provvedimenti di oggi vogliono preservare il buon funzionamento delle strutture ospedaliere e, allo stesso tempo, mantenere aperte le scuole e le attivit\u00e0 economiche&#8221;, ha dichiarato il premier Mario Draghi, aprendo i lavori del Consiglio dei ministri per le nuove misure anti-Covid. &#8220;Vogliamo frenare la crescita della curva dei contagi e spingere gli italiani che ancora non si sono vaccinati a farlo. Interveniamo in particolare sulle classi di et\u00e0 che sono pi\u00f9 a rischio di ospedalizzazione per ridurre la pressione sugli ospedali e salvare vite&#8221;, ha aggiunto.<br \/>(ITALPRESS).<\/div>\n<div id=\"div-gpt-ad-Messinaoggi.it-DSK-300x250-corpoart\" style=\"text-align:center;margin:0 auto;\"><\/div><\/p><div id=\"videoincontent\" style=\"clear:both\";><\/div>","protected":false},"excerpt":{"rendered":"<p>ROMA (ITALPRESS) &#8211; Il Consiglio dei ministri ha approvato un decreto legge che mira a &#8220;rallentare&#8221; la curva di crescita dei contagi relativi alla pandemia e a fornire maggiore protezione a quelle categorie che sono pi\u00f9 esposte e che sono a maggior rischi di ospedalizzazione. Lo spiega palazzo Chigi. Il testo introduce l&#8217;obbligo vaccinale per [&hellip;]<\/p>\n","protected":false},"author":18,"featured_media":92777,"comment_status":"closed","ping_status":"closed","sticky":false,"template":"","format":"standard","meta":{"ub_ctt_via":"","_mi_skip_tracking":false},"categories":[446],"tags":[783],"featured_image_src":"https:\/\/www.messinaoggi.it\/website\/wp-content\/uploads\/2022\/01\/20220105_2024.jpg","author_info":{"display_name":"Admin","author_link":"https:\/\/www.messinaoggi.it\/website\/author\/admin\/"},"digistream_id":0,"digistream":false,"_links":{"self":[{"href":"https:\/\/www.messinaoggi.it\/website\/wp-json\/wp\/v2\/posts\/92776"}],"collection":[{"href":"https:\/\/www.messinaoggi.it\/website\/wp-json\/wp\/v2\/posts"}],"about":[{"href":"https:\/\/www.messinaoggi.it\/website\/wp-json\/wp\/v2\/types\/post"}],"author":[{"embeddable":true,"href":"https:\/\/www.messinaoggi.it\/website\/wp-json\/wp\/v2\/users\/18"}],"replies":[{"embeddable":true,"href":"https:\/\/www.messinaoggi.it\/website\/wp-json\/wp\/v2\/comments?post=92776"}],"version-history":[{"count":0,"href":"https:\/\/www.messinaoggi.it\/website\/wp-json\/wp\/v2\/posts\/92776\/revisions"}],"wp:featuredmedia":[{"embeddable":true,"href":"https:\/\/www.messinaoggi.it\/website\/wp-json\/wp\/v2\/media\/92777"}],"wp:attachment":[{"href":"https:\/\/www.messinaoggi.it\/website\/wp-json\/wp\/v2\/media?parent=92776"}],"wp:term":[{"taxonomy":"category","embeddable":true,"href":"https:\/\/www.messinaoggi.it\/website\/wp-json\/wp\/v2\/categories?post=92776"},{"taxonomy":"post_tag","embeddable":true,"href":"https:\/\/www.messinaoggi.it\/website\/wp-json\/wp\/v2\/tags?post=92776"}],"curies":[{"name":"wp","href":"https:\/\/api.w.org\/{rel}","templated":true}]}}