{"id":92764,"date":"2022-01-05T20:07:32","date_gmt":"2022-01-05T19:07:32","guid":{"rendered":"https:\/\/www.messinaoggi.it\/website\/2022\/01\/05\/covid-aifa-approva-dose-booster-con-comirnaty-per-fascia-12-15-anni\/"},"modified":"2022-01-05T20:07:32","modified_gmt":"2022-01-05T19:07:32","slug":"covid-aifa-approva-dose-booster-con-comirnaty-per-fascia-12-15-anni","status":"publish","type":"post","link":"https:\/\/www.messinaoggi.it\/website\/2022\/01\/05\/covid-aifa-approva-dose-booster-con-comirnaty-per-fascia-12-15-anni\/","title":{"rendered":"Covid, Aifa approva dose booster con Comirnaty per fascia 12-15 anni"},"content":{"rendered":"<div>ROMA (ITALPRESS) &#8211; La Commissione Tecnico Scientifica dell&#8217;Aifa, nella seduta straordinaria del 5 gennaio 2022, su richiesta del ministero della Salute, ha espresso il proprio parere favorevole sulla possibilit\u00e0 di prevedere una dose booster di vaccino anche per i soggetti di et\u00e0 compresa tra i 12 e i 15 anni. In analogia con quanto gi\u00e0 stabilito per la fascia di et\u00e0 16-17 anni e per i soggetti fragili di 12-15 anni, questo booster dovr\u00e0 essere effettuato con il vaccino Comirnaty.<br \/>Per quanto riguarda l&#8217;intervallo tra il ciclo vaccinale primario e la somministrazione della dose booster, in assenza di dati specifici per questa fascia di et\u00e0, la CTS ritiene ragionevole mantenere gli stessi criteri adottati negli adulti. Come in ogni altro caso, i dati di efficacia e sicurezza relativi a quest&#8217;ulteriore ampliamento saranno oggetto di costante monitoraggio.<br \/>(ITALPRESS).<\/div>\n<div id=\"div-gpt-ad-Messinaoggi.it-DSK-300x250-corpoart\" style=\"text-align:center;margin:0 auto;\"><\/div><\/p><div id=\"videoincontent\" style=\"clear:both\";><\/div>","protected":false},"excerpt":{"rendered":"<p>ROMA (ITALPRESS) &#8211; La Commissione Tecnico Scientifica dell&#8217;Aifa, nella seduta straordinaria del 5 gennaio 2022, su richiesta del ministero della Salute, ha espresso il proprio parere favorevole sulla possibilit\u00e0 di prevedere una dose booster di vaccino anche per i soggetti di et\u00e0 compresa tra i 12 e i 15 anni. In analogia con quanto gi\u00e0 [&hellip;]<\/p>\n","protected":false},"author":18,"featured_media":92765,"comment_status":"closed","ping_status":"closed","sticky":false,"template":"","format":"standard","meta":{"ub_ctt_via":"","_mi_skip_tracking":false},"categories":[446],"tags":[783],"featured_image_src":"https:\/\/www.messinaoggi.it\/website\/wp-content\/uploads\/2022\/01\/20220105_1861.jpg","author_info":{"display_name":"Admin","author_link":"https:\/\/www.messinaoggi.it\/website\/author\/admin\/"},"digistream_id":0,"digistream":false,"_links":{"self":[{"href":"https:\/\/www.messinaoggi.it\/website\/wp-json\/wp\/v2\/posts\/92764"}],"collection":[{"href":"https:\/\/www.messinaoggi.it\/website\/wp-json\/wp\/v2\/posts"}],"about":[{"href":"https:\/\/www.messinaoggi.it\/website\/wp-json\/wp\/v2\/types\/post"}],"author":[{"embeddable":true,"href":"https:\/\/www.messinaoggi.it\/website\/wp-json\/wp\/v2\/users\/18"}],"replies":[{"embeddable":true,"href":"https:\/\/www.messinaoggi.it\/website\/wp-json\/wp\/v2\/comments?post=92764"}],"version-history":[{"count":0,"href":"https:\/\/www.messinaoggi.it\/website\/wp-json\/wp\/v2\/posts\/92764\/revisions"}],"wp:featuredmedia":[{"embeddable":true,"href":"https:\/\/www.messinaoggi.it\/website\/wp-json\/wp\/v2\/media\/92765"}],"wp:attachment":[{"href":"https:\/\/www.messinaoggi.it\/website\/wp-json\/wp\/v2\/media?parent=92764"}],"wp:term":[{"taxonomy":"category","embeddable":true,"href":"https:\/\/www.messinaoggi.it\/website\/wp-json\/wp\/v2\/categories?post=92764"},{"taxonomy":"post_tag","embeddable":true,"href":"https:\/\/www.messinaoggi.it\/website\/wp-json\/wp\/v2\/tags?post=92764"}],"curies":[{"name":"wp","href":"https:\/\/api.w.org\/{rel}","templated":true}]}}