{"id":92743,"date":"2022-01-05T18:07:38","date_gmt":"2022-01-05T17:07:38","guid":{"rendered":"https:\/\/www.messinaoggi.it\/website\/2022\/01\/05\/inzaghi-felici-di-essere-in-vetta-vogliamo-vincere-trofei\/"},"modified":"2022-01-05T18:07:38","modified_gmt":"2022-01-05T17:07:38","slug":"inzaghi-felici-di-essere-in-vetta-vogliamo-vincere-trofei","status":"publish","type":"post","link":"https:\/\/www.messinaoggi.it\/website\/2022\/01\/05\/inzaghi-felici-di-essere-in-vetta-vogliamo-vincere-trofei\/","title":{"rendered":"Inzaghi \u201cFelici di essere in vetta, vogliamo vincere trofei\u201d"},"content":{"rendered":"<div>MILANO (ITALPRESS) &#8211; &#8220;Ci fa piacere essere in testa, abbiamo visto in questi ultimi mesi che ci sono stati sorpassi e controsorpassi. Tutti ci affronteranno nel modo migliore per crearci delle problematiche&#8221;. Cos\u00ec Simone Inzaghi, allenatore dell&#8217;Inter, in conferenza stampa in vista della sfida col Bologna, match in programma al Dall&#8217;Ara domani alle 12.30. I nerazzurri sono reduci da sette vittorie consecutive in campionato: &#8220;Due mesi fa non dicevano che eravamo<br \/>favoriti, ora se ne parla perch\u00e8 siamo in testa. La classifica<br \/>deve solo essere uno stimolo&#8221;. Idee chiare e voglia di conquistare qualcosa, Inzaghi non vuole mollare nemmeno di un centimetro: &#8220;Per la Supercoppa attendiamo l&#8217;arrivo del nostro presidente a Milano. Mercato? Marotta, Ausilio e Baccin sono sempre vicini alla squadra e lavorano sempre per il meglio. Noi pensiamo alle partite, che sono tante. Gli obiettivi sono quelli collettivi, per\u00f2. Vogliamo alzare qualche trofeo, lavoriamo per questo&#8221;. In settimana, grande clamore hanno suscitato le parole di Romelu Lukaku: &#8220;Non \u00e8 una cosa di mia competenza, posso solo dire che \u00e8 un grandissimo giocatore che ha fatto due anni straordinari &#8211; ha detto Inzaghi -. Con me \u00e8 stato dieci giorni e ha lavorato bene. E&#8217; un top player che adesso gioca in un&#8217;altra squadra&#8221;. L&#8217;allenatore dell&#8217;Inter non si sbottona sulla formazione, con Dzeko e Calhanoglu assenti certi: &#8220;Ho un&#8217;idea in testa e me la porto fino a domani. Oltre ai tre positivi al Covid c&#8217;\u00e8 la squalifica di Hakan Calhanoglu ma ho tanti giocatori a<br \/>disposizione, la formazione la dir\u00f2 anche ai ragazzi domattina. Spero di trovare la squadra come l&#8217;avevo lasciata alla vigilia di Natale. Veniamo da un&#8217;ottima striscia ma siamo coscienti di affrontare una squadra difficile da battere. I ragazzi sono in salute, hanno lavorato nel migliore dei modi&#8221;. Infine, sul rinnovo di Brozovic: &#8220;L&#8217;ho gi\u00e0 ribadito: \u00e8 un giocatore importantissimo, \u00e8 contento all&#8217;Inter e penso che rinnover\u00e0 &#8211; ha concluso Inzaghi -. Sono Marotta e Ausilio che seguono queste cose&#8221;.<br \/>(ITALPRESS).<\/div>\n<div id=\"div-gpt-ad-Messinaoggi.it-DSK-300x250-corpoart\" style=\"text-align:center;margin:0 auto;\"><\/div><\/p><div id=\"videoincontent\" style=\"clear:both\";><\/div>","protected":false},"excerpt":{"rendered":"<p>MILANO (ITALPRESS) &#8211; &#8220;Ci fa piacere essere in testa, abbiamo visto in questi ultimi mesi che ci sono stati sorpassi e controsorpassi. Tutti ci affronteranno nel modo migliore per crearci delle problematiche&#8221;. Cos\u00ec Simone Inzaghi, allenatore dell&#8217;Inter, in conferenza stampa in vista della sfida col Bologna, match in programma al Dall&#8217;Ara domani alle 12.30. I [&hellip;]<\/p>\n","protected":false},"author":18,"featured_media":92744,"comment_status":"closed","ping_status":"closed","sticky":false,"template":"","format":"standard","meta":{"ub_ctt_via":"","_mi_skip_tracking":false},"categories":[446],"tags":[783],"featured_image_src":"https:\/\/www.messinaoggi.it\/website\/wp-content\/uploads\/2022\/01\/20220105_1607.jpg","author_info":{"display_name":"Admin","author_link":"https:\/\/www.messinaoggi.it\/website\/author\/admin\/"},"digistream_id":0,"digistream":false,"_links":{"self":[{"href":"https:\/\/www.messinaoggi.it\/website\/wp-json\/wp\/v2\/posts\/92743"}],"collection":[{"href":"https:\/\/www.messinaoggi.it\/website\/wp-json\/wp\/v2\/posts"}],"about":[{"href":"https:\/\/www.messinaoggi.it\/website\/wp-json\/wp\/v2\/types\/post"}],"author":[{"embeddable":true,"href":"https:\/\/www.messinaoggi.it\/website\/wp-json\/wp\/v2\/users\/18"}],"replies":[{"embeddable":true,"href":"https:\/\/www.messinaoggi.it\/website\/wp-json\/wp\/v2\/comments?post=92743"}],"version-history":[{"count":0,"href":"https:\/\/www.messinaoggi.it\/website\/wp-json\/wp\/v2\/posts\/92743\/revisions"}],"wp:featuredmedia":[{"embeddable":true,"href":"https:\/\/www.messinaoggi.it\/website\/wp-json\/wp\/v2\/media\/92744"}],"wp:attachment":[{"href":"https:\/\/www.messinaoggi.it\/website\/wp-json\/wp\/v2\/media?parent=92743"}],"wp:term":[{"taxonomy":"category","embeddable":true,"href":"https:\/\/www.messinaoggi.it\/website\/wp-json\/wp\/v2\/categories?post=92743"},{"taxonomy":"post_tag","embeddable":true,"href":"https:\/\/www.messinaoggi.it\/website\/wp-json\/wp\/v2\/tags?post=92743"}],"curies":[{"name":"wp","href":"https:\/\/api.w.org\/{rel}","templated":true}]}}