{"id":92687,"date":"2022-01-05T11:32:32","date_gmt":"2022-01-05T10:32:32","guid":{"rendered":"https:\/\/www.messinaoggi.it\/website\/2022\/01\/05\/accordo-sicilia-grecia-torna-ad-atene-importante-fregio-del-partenone\/"},"modified":"2022-01-05T11:32:32","modified_gmt":"2022-01-05T10:32:32","slug":"accordo-sicilia-grecia-torna-ad-atene-importante-fregio-del-partenone","status":"publish","type":"post","link":"https:\/\/www.messinaoggi.it\/website\/2022\/01\/05\/accordo-sicilia-grecia-torna-ad-atene-importante-fregio-del-partenone\/","title":{"rendered":"Accordo Sicilia-Grecia, torna ad Atene importante fregio del Partenone"},"content":{"rendered":"<div>\n<p>PALERMO (ITALPRESS) \u2013 E\u2019 un accordo culturale di straordinaria importanza internazionale quello che la Sicilia ha sottoscritto con la Grecia, che prevede il trasferimento ad Atene del frammento di una lastra appartenente al fregio orientale del Partenone, attualmente custodito nel Museo archeologico regionale A. Salinas di Palermo.<br \/>Si tratta del cosiddetto \u201cReperto Fagan\u201d, frammento in marmo pentelico che raffigura il piede o della Dea Peitho o di Artemide (Dea della Caccia) seduta in trono.<br \/>Un gesto, voluto dall\u2019assessore regionale dei Beni Culturali e dell\u2019Identit\u00e0 Siciliana, Alberto Samon\u00e0 e condiviso con la Ministra greca della Cultura e dello Sport, Lina Mendoni, che per la cultura ellenica ha un valore fortemente simbolico: la Sicilia, in questo modo fa, infatti, da apripista sul tema del ritorno in Grecia dei reperti del Partenone, dando il proprio contributo determinante al dibattito in corso da tempo a livello mondiale.<br \/>L\u2019accordo, nato dalla proficua interlocuzione fra il Governo regionale \u2013 con l\u2019assessore Samon\u00e0 \u2013 e il Governo di Atene \u2013 con la Ministra Mendoni \u2013 \u00e8 stato siglato dal Museo Archeologico Regionale \u201cA. Salinas\u201d di Palermo e dal Museo dell\u2019Acropoli di Atene, ai sensi dell\u2019articolo 67 del Codice dei Beni Culturali e del Paesaggio, che consente il trasferimento pluriennale e lo scambio di reperti archeologici tra le due prestigiose istituzioni museali, rispettivamente dirette da Caterina Greco e da Nikolaos Stampolidis.<br \/>\u201cIl ritorno ad Atene di questo importante reperto del Partenone \u2013 sottolinea l\u2019Assessore regionale dei Beni Culturali e dell\u2019Identit\u00e0 Siciliana, Alberto Samon\u00e0 \u2013 va nella direzione della costruzione di un\u2019Europa della Cultura che affonda le proprie radici nella nostra storia e nella nostra identit\u00e0: quell\u2019Europa dei popoli che ci vede profondamente uniti alla Grecia, in quanto entrambi portatori di valori antichi e universali. E del resto, le molteplici e pregnanti testimonianze della cultura greca presenti in Sicilia sono la conferma di un legame antico e profondo. Grazie al governo Musumeci, la Sicilia torna al centro di una dimensione mediterranea, in cui il futuro comune passa per il dialogo e le relazioni con i Paesi che si affacciano sul \u2018Mare nostrum&#8217;\u201d. <br \/>\u201cL\u2019accordo di collaborazione con il Museo dell\u2019Acropoli di Atene ci permetter\u00e0, inoltre, di porre in essere iniziative culturali comuni di grande spessore e rilevanza internazionale che daranno la giusta visibilit\u00e0 alla nostra Regione\u201d.<br \/>\u201cVorrei esprimere \u2013 sottolinea la ministra della Cultura e dello Sport della Repubblica Greca, Lina Mendoni \u2013 la mia pi\u00f9 profonda gratitudine alla Giunta Regionale Siciliana e al suo Presidente, Nello Musumeci, nonch\u00e8 all\u2019Assessore Regionale ai Beni Culturali e dell\u2019Identit\u00e0 della Sicilia Alberto Samon\u00e0. La collaborazione affinch\u00e8 il frammento del Fregio Orientale del Partenone, oggi custodito presso il Museo Archeologico Regionale \u201cA. Salinas\u201d di Palermo, possa essere esposto per un lungo periodo presso il Museo dell\u2019Acropoli insieme al proprio naturale contesto, \u00e8 stata impeccabile e costruttiva. Soprattutto, desidero qui esprimere la mia gratitudine per gli instancabili e sistematici sforzi del Governo Siciliano e dell\u2019Assessore Alberto Samon\u00e0 per aver intrapreso la procedura verso l\u2019accordo legale ai sensi del Codice dei Beni Culturali della Repubblica Italiana, affinch\u00e8 questo frammento possa ritornare definitivamente ad Atene\u201d. <br \/>\u201cDal novembre del 2020, quando sono iniziate le discussioni tra di noi, fino ad oggi, \u2013 prosegue la ministra Mendoni \u2013 l\u2019Assessore Samon\u00e0 ha sempre dichiarato in ogni modo il suo amore per la Grecia e per la sua Cultura. Nel complesso, l\u2019intenzione e l\u2019aspirazione del Governo Siciliano di rimpatriare definitivamente il Fregio palermitano ad Atene, non fa altro che confermare e rinsaldare ancora di pi\u00f9 i legami culturali e di fratellanza di lunga data delle due regioni, nonch\u00e8 il riconoscimento di fatto di una comune identit\u00e0 mediterranea. In questo contesto, il Ministero della Cultura e dello Sport ellenico inizia con grande piacere la sua collaborazione con il Museo archeologico regionale \u201cA. Salinas\u201d di Palermo, non solo per l\u2019esposizione presso di esso di importanti antichit\u00e0 provenienti dal Museo dell\u2019Acropoli, ma anche per azioni e iniziative generali future. Con questo gesto, il Governo della Sicilia indica la via per il definitivo ritorno delle Sculture del Partenone ad Atene, la citt\u00e0 che le ha create\u201d.<br \/>\u201cDesidero esprimere la massima soddisfazione \u2013 aggiunge Caterina Greco, Direttrice del Museo Archeologico Regionale A. Salinas \u2013 per il raggiungimento di un obiettivo che mi ero posta fin dal mio arrivo al museo Salinas, due anni fa. Riportare ad Atene il frammento del fregio del Partenone che solo nel 1893 Walter Amelung riconobbe come un originale attico a torto confuso tra i marmi recuperati dal Fagan durante i suoi scavi a Tindari del 1808 significa, infatti, non soltanto restituire alla Grecia un pezzetto della sua pi\u00f9 illustre storia archeologica, ma anche illuminare di nuova luce la vicenda complessa e affascinante del collezionismo ottocentesco che contraddistingue i nostri pi\u00f9 antichi musei e di cui la testimonianza della presenza a Palermo della \u201clastra Fagan\u201d rappresenta un episodio tra i pi\u00f9 intriganti\u201d.<br \/>\u201cL\u2019approdo del Fregio palermitano presso il Museo dell\u2019Acropoli \u2013 sottolinea il direttore del Museo dell\u2019Acropoli di Atene, Nikolaos Stampolidis \u2013 risulta estremamente importante soprattutto per il modo in cui il Governo della Regione Siciliana, oggi guidato dal Presidente Nello Musumeci, ha voluto rendere possibile il ricongiungimento del Fregio Fagan con quelli conservati presso il Museo dell\u2019Acropoli. Questo gesto, gi\u00e0 di per s\u00e8 tanto significativo, viene ulteriormente intensificato dalla volont\u00e0 da parte del Governo Regionale Siciliano, rappresentato dall\u2019Assessore dei Beni culturali e dell\u2019Identit\u00e0 Siciliana, Alberto Samon\u00e0, che ha voluto, all\u2019interno di un rapporto di fratellanza e di comuni radici culturali che uniscono la Sicilia con l\u2019Ellade, intraprendere presso il Ministero della Cultura italiano la procedura intergovernativa di sdemanializzazione del Fregio palermitano, affinch\u00e8 esso possa rimanere definitivamente, sine die, ad Atene, presso il Museo dell\u2019Acropoli suo luogo naturale. In tal modo sar\u00e0 la nostra amatissima sorella Sicilia ad aprire la strada e indicare la via per la restituzione alla Grecia anche degli altri Fregi partenonici attualmente custoditi presso altre citt\u00e0 europee e soprattutto a Londra al British Museum. Questa volont\u00e0, che rappresenta un fulgido esempio di civilt\u00e0 e fratellanza per tutti i popoli, si sposa anche in un felicissimo ed emblematico connubio culturale con la decisione del 29 Settembre 2021 espressa dall\u2019Unesco nei riguardi del ritorno in Grecia delle sculture che si trovano presso il Museo londinese\u201d.<br \/>(ITALPRESS).<div id=\"div-gpt-ad-Messinaoggi.it-DSK-300x250-corpoart\" style=\"text-align:center;margin:0 auto;\"><\/div><\/p>\n<\/div>\n<div id=\"videoincontent\" style=\"clear:both\";><\/div>","protected":false},"excerpt":{"rendered":"<p>PALERMO (ITALPRESS) \u2013 E\u2019 un accordo culturale di straordinaria importanza internazionale quello che la Sicilia ha sottoscritto con la Grecia, che prevede il trasferimento ad Atene del frammento di una lastra appartenente al fregio orientale del Partenone, attualmente custodito nel Museo archeologico regionale A. Salinas di Palermo.Si tratta del cosiddetto \u201cReperto Fagan\u201d, frammento in marmo [&hellip;]<\/p>\n","protected":false},"author":18,"featured_media":92688,"comment_status":"closed","ping_status":"closed","sticky":false,"template":"","format":"standard","meta":{"ub_ctt_via":"","_mi_skip_tracking":false},"categories":[2449],"tags":[783],"featured_image_src":"https:\/\/www.messinaoggi.it\/website\/wp-content\/uploads\/2022\/01\/20220105_0251.jpg","author_info":{"display_name":"Admin","author_link":"https:\/\/www.messinaoggi.it\/website\/author\/admin\/"},"digistream_id":0,"digistream":false,"_links":{"self":[{"href":"https:\/\/www.messinaoggi.it\/website\/wp-json\/wp\/v2\/posts\/92687"}],"collection":[{"href":"https:\/\/www.messinaoggi.it\/website\/wp-json\/wp\/v2\/posts"}],"about":[{"href":"https:\/\/www.messinaoggi.it\/website\/wp-json\/wp\/v2\/types\/post"}],"author":[{"embeddable":true,"href":"https:\/\/www.messinaoggi.it\/website\/wp-json\/wp\/v2\/users\/18"}],"replies":[{"embeddable":true,"href":"https:\/\/www.messinaoggi.it\/website\/wp-json\/wp\/v2\/comments?post=92687"}],"version-history":[{"count":0,"href":"https:\/\/www.messinaoggi.it\/website\/wp-json\/wp\/v2\/posts\/92687\/revisions"}],"wp:featuredmedia":[{"embeddable":true,"href":"https:\/\/www.messinaoggi.it\/website\/wp-json\/wp\/v2\/media\/92688"}],"wp:attachment":[{"href":"https:\/\/www.messinaoggi.it\/website\/wp-json\/wp\/v2\/media?parent=92687"}],"wp:term":[{"taxonomy":"category","embeddable":true,"href":"https:\/\/www.messinaoggi.it\/website\/wp-json\/wp\/v2\/categories?post=92687"},{"taxonomy":"post_tag","embeddable":true,"href":"https:\/\/www.messinaoggi.it\/website\/wp-json\/wp\/v2\/tags?post=92687"}],"curies":[{"name":"wp","href":"https:\/\/api.w.org\/{rel}","templated":true}]}}