{"id":92670,"date":"2022-01-05T10:00:45","date_gmt":"2022-01-05T09:00:45","guid":{"rendered":"http:\/\/www.messinaoggi.it\/website\/?p=92670"},"modified":"2022-01-05T16:53:36","modified_gmt":"2022-01-05T15:53:36","slug":"il-natale-della-rinascita-del-virus","status":"publish","type":"post","link":"https:\/\/www.messinaoggi.it\/website\/2022\/01\/05\/il-natale-della-rinascita-del-virus\/","title":{"rendered":"Il &#8220;Natale della Rinascita&#8221;&#8230; del virus"},"content":{"rendered":"\n<p>Messina detiene il triste primato dei contagi e in molti si chiedono, legittimamente, se l&#8217;aumento dei contagi possa essere in qualche modo collegato alla scellerata operazione del &#8220;Natale della Rinascita&#8221;. Concerti in piazza, feste nelle parrocchie, mercatini in piazza e tanto altro ancora potrebbero essere la causa scatenante dei numerosi focolai scatenati in questa citt\u00e0.<div id=\"div-gpt-ad-Messinaoggi.it-DSK-300x250-corpoart\" style=\"text-align:center;margin:0 auto;\"><\/div><\/p>\n\n\n\n<p>Il sindaco, fino a che ha potuto, ha tentato di difendere il suo operato ma alla fine \u00e8 stato costretto a capitolare. S&#8217;\u00e8 preso la scena mediatica nazionale difendendo i &#8220;suoi&#8221; concerti che avrebbero dovuto innescare, attraverso una grande e scellerata operazione, innescare quella tanto decantata economia circolare, voluta dai &#8220;bocconiani&#8221; della sua giunta.<div id=\"videoincontent\" style=\"clear:both\";><\/div><\/p>\n\n\n\n<p>Il risultato sta nei dati dei contagi: ieri Messina \u00e8 stata la citt\u00e0 siciliana con il numero pi\u00f9 alto dei contagiati. Un numero strabiliante che sta trascinando l&#8217;intera Sicilia in zona Arancione, con le conseguenze economiche devastanti per il tessuto economico. E se da un lato, il sindaco di Messina ha distribuito le proprie mancette ad Enti, associazioni e professionisti impegnati nel pi\u00f9 grande harakiri, dall&#8217;altro oggi si contano morti e contagiati.<\/p>\n\n\n\n<p>Una riflessione va fatta perch\u00e9 il sindaco, rappresentate e primo responsabilit\u00e0 della sua comunit\u00e0, avrebbe dovuto preservare i cittadini dai rischi legati alla diffusione del virus che ad inizio dicembre cominciava a farsi minaccioso. <\/p>\n\n\n\n<p>Oggi per il sindaco Cateno De Luca diventa facile cavalcare la tigre e sparare ad alzo zero contro Nello Musumeci e Reggero Razza. Se i contagi sono aumentati vertiginosamente un motivo dei deve esserci e non pu\u00f2 che essere drammaticamente collegato a quelle scellerate iniziative del &#8220;Natale della Rinascita&#8221;.<\/p>\n\n\n\n<p>Spiace rivelarlo, ma Cateno De Luca dovrebbe porsi qualche interrogativo sulle sue responsabilit\u00e0.<\/p>\n","protected":false},"excerpt":{"rendered":"<p>Messina detiene il triste primato dei contagi e in molti si chiedono, legittimamente, se l&#8217;aumento dei contagi possa essere in qualche modo collegato alla scellerata operazione del &#8220;Natale della Rinascita&#8221;. Concerti in piazza, feste nelle parrocchie, mercatini in piazza e tanto altro ancora potrebbero essere la causa scatenante dei numerosi focolai scatenati in questa citt\u00e0. [&hellip;]<\/p>\n","protected":false},"author":2,"featured_media":92671,"comment_status":"open","ping_status":"open","sticky":false,"template":"","format":"standard","meta":{"ub_ctt_via":"","_mi_skip_tracking":false},"categories":[19,12,6],"tags":[126,695,3419,593,585],"featured_image_src":"https:\/\/www.messinaoggi.it\/website\/wp-content\/uploads\/2022\/01\/natale-2021-messina-3.jpg","author_info":{"display_name":"Redazione","author_link":"https:\/\/www.messinaoggi.it\/website\/author\/redazione\/"},"digistream_id":0,"digistream":false,"_links":{"self":[{"href":"https:\/\/www.messinaoggi.it\/website\/wp-json\/wp\/v2\/posts\/92670"}],"collection":[{"href":"https:\/\/www.messinaoggi.it\/website\/wp-json\/wp\/v2\/posts"}],"about":[{"href":"https:\/\/www.messinaoggi.it\/website\/wp-json\/wp\/v2\/types\/post"}],"author":[{"embeddable":true,"href":"https:\/\/www.messinaoggi.it\/website\/wp-json\/wp\/v2\/users\/2"}],"replies":[{"embeddable":true,"href":"https:\/\/www.messinaoggi.it\/website\/wp-json\/wp\/v2\/comments?post=92670"}],"version-history":[{"count":1,"href":"https:\/\/www.messinaoggi.it\/website\/wp-json\/wp\/v2\/posts\/92670\/revisions"}],"predecessor-version":[{"id":92672,"href":"https:\/\/www.messinaoggi.it\/website\/wp-json\/wp\/v2\/posts\/92670\/revisions\/92672"}],"wp:featuredmedia":[{"embeddable":true,"href":"https:\/\/www.messinaoggi.it\/website\/wp-json\/wp\/v2\/media\/92671"}],"wp:attachment":[{"href":"https:\/\/www.messinaoggi.it\/website\/wp-json\/wp\/v2\/media?parent=92670"}],"wp:term":[{"taxonomy":"category","embeddable":true,"href":"https:\/\/www.messinaoggi.it\/website\/wp-json\/wp\/v2\/categories?post=92670"},{"taxonomy":"post_tag","embeddable":true,"href":"https:\/\/www.messinaoggi.it\/website\/wp-json\/wp\/v2\/tags?post=92670"}],"curies":[{"name":"wp","href":"https:\/\/api.w.org\/{rel}","templated":true}]}}