{"id":9266,"date":"2017-10-09T11:14:39","date_gmt":"2017-10-09T09:14:39","guid":{"rendered":"http:\/\/www.messinaoggi.it\/website\/?p=9266"},"modified":"2017-10-09T11:14:39","modified_gmt":"2017-10-09T09:14:39","slug":"mazzoncini-il-ponte-di-messina-va-fatto-necessario-completare-il-corridoio","status":"publish","type":"post","link":"https:\/\/www.messinaoggi.it\/website\/2017\/10\/09\/mazzoncini-il-ponte-di-messina-va-fatto-necessario-completare-il-corridoio\/","title":{"rendered":"Mazzoncini: &quot;Il Ponte di Messina va fatto, necessario completare il corridoio&quot;"},"content":{"rendered":"<p>&#8220;Il Ponte sullo Stretto va fatto nell&#8217;ambito del corridoio ferroviario europeo che va dalla Scandinavia alla Sicilia&#8221;. Cos\u00ec l&#8217;amministratore delegato di Fs, Renato Mazzoncini, in un forum al &#8220;Corriere della Sera&#8221;.<br \/>\n&#8220;Il Ponte di\u00a0Messina va fatto. Non c&#8217;\u00e8 motivo &#8211; ha sottolineato &#8211; per non completare il corridoio. Il problema del Ponte \u00e8 il modello di project financing: \u00e8 sbagliato pensare che possa essere finanziato al 100% dai privati. Fa parte del corridoio ferroviario perci\u00f2 va finanziato con gli stessi criteri. Bisogna capire come farlo rientrare nei corridoi ferroviari europei dal punto di vista normativo&#8221;.<br \/>\nPer Mazzoncini &#8220;c&#8217;\u00e8 un gap di infrastrutture tra Nord e Sud; in termini di pianificazione i corridoi ferroviari sono indistintamente al Nord e al Sud. Che poi la costruzione sia iniziata dal Nord dipende pi\u00f9 da un fatto di domanda di trasporto. Ma abbiamo cominciato anche con le infrastrutture al Sud: \u00e8 partito il cantiere della Napoli-Bari e sono stati stanziati 10 miliardi di investimenti in Sicilia per il triangolo\u00a0Messina, Catania, Palermo. E anche la linea passante di Palermo \u00e8 in fase di ultimazione&#8221;.<div id=\"div-gpt-ad-Messinaoggi.it-DSK-300x250-corpoart\" style=\"text-align:center;margin:0 auto;\"><\/div><\/p>\n<div id=\"videoincontent\" style=\"clear:both\";><\/div>","protected":false},"excerpt":{"rendered":"<p>&#8220;Il Ponte sullo Stretto va fatto nell&#8217;ambito del corridoio ferroviario europeo che va dalla Scandinavia alla Sicilia&#8221;. Cos\u00ec l&#8217;amministratore delegato di Fs, Renato Mazzoncini, in un forum al &#8220;Corriere della Sera&#8221;. &#8220;Il Ponte di\u00a0Messina va fatto. Non c&#8217;\u00e8 motivo &#8211; ha sottolineato &#8211; per non completare il corridoio. Il problema del Ponte \u00e8 il modello [&hellip;]<\/p>\n","protected":false},"author":2,"featured_media":2256,"comment_status":"closed","ping_status":"open","sticky":false,"template":"","format":"standard","meta":{"ub_ctt_via":"","_mi_skip_tracking":false},"categories":[6],"tags":[],"featured_image_src":"https:\/\/www.messinaoggi.it\/website\/wp-content\/uploads\/2017\/06\/ponte-sullo-stretto-di-messina-2.jpg","author_info":{"display_name":"Redazione","author_link":"https:\/\/www.messinaoggi.it\/website\/author\/redazione\/"},"digistream_id":0,"digistream":false,"_links":{"self":[{"href":"https:\/\/www.messinaoggi.it\/website\/wp-json\/wp\/v2\/posts\/9266"}],"collection":[{"href":"https:\/\/www.messinaoggi.it\/website\/wp-json\/wp\/v2\/posts"}],"about":[{"href":"https:\/\/www.messinaoggi.it\/website\/wp-json\/wp\/v2\/types\/post"}],"author":[{"embeddable":true,"href":"https:\/\/www.messinaoggi.it\/website\/wp-json\/wp\/v2\/users\/2"}],"replies":[{"embeddable":true,"href":"https:\/\/www.messinaoggi.it\/website\/wp-json\/wp\/v2\/comments?post=9266"}],"version-history":[{"count":0,"href":"https:\/\/www.messinaoggi.it\/website\/wp-json\/wp\/v2\/posts\/9266\/revisions"}],"wp:featuredmedia":[{"embeddable":true,"href":"https:\/\/www.messinaoggi.it\/website\/wp-json\/wp\/v2\/media\/2256"}],"wp:attachment":[{"href":"https:\/\/www.messinaoggi.it\/website\/wp-json\/wp\/v2\/media?parent=9266"}],"wp:term":[{"taxonomy":"category","embeddable":true,"href":"https:\/\/www.messinaoggi.it\/website\/wp-json\/wp\/v2\/categories?post=9266"},{"taxonomy":"post_tag","embeddable":true,"href":"https:\/\/www.messinaoggi.it\/website\/wp-json\/wp\/v2\/tags?post=9266"}],"curies":[{"name":"wp","href":"https:\/\/api.w.org\/{rel}","templated":true}]}}