{"id":92591,"date":"2022-01-04T09:39:32","date_gmt":"2022-01-04T08:39:32","guid":{"rendered":"http:\/\/www.messinaoggi.it\/website\/?p=92591"},"modified":"2022-01-04T09:39:33","modified_gmt":"2022-01-04T08:39:33","slug":"messina-lallarme-del-nursind-ospedali-nel-caos","status":"publish","type":"post","link":"https:\/\/www.messinaoggi.it\/website\/2022\/01\/04\/messina-lallarme-del-nursind-ospedali-nel-caos\/","title":{"rendered":"Messina, l\u2019allarme del Nursind: \u201cOspedali nel caos\u201d"},"content":{"rendered":"\n<p>Gravi carenze di personale negli ospedali, dal Papardo di Messina al Policlinico, mancata erogazione di indennit\u00e0 agli infermieri, reparti non ancora ultimati, gestione Covid in forte sofferenza. Questo, in sintesi, l\u2019allarme lanciato dal sindacato delle professioni infermieristiche, Nursind, denunciando una situazione di caos nella sanit\u00e0 messinese.<div id=\"div-gpt-ad-Messinaoggi.it-DSK-300x250-corpoart\" style=\"text-align:center;margin:0 auto;\"><\/div><\/p>\n\n\n\n<p>Al policlinico \u00e8 emergenza nella gestione del covid. \u201cIl policlinico \u00e8 un cantiere a cielo aperto \u2013 dice Ivan Alonge, segretario territoriale Nursind \u2013 pensiamo al pronto soccorso generale inagibile e in costruzione da un anno. Ci chiediamo anche che fine abbia fatto la Terapia intensiva approntata al padiglione C e le stanze a pressione negativa allestite al padiglione H proprio per i pazienti covid. Da due anni in questa azienda, tranne che per brevi periodi, non abbiamo avuto Rianimazione, Malattie infettive e Pneumologia, una cosa che per una struttura universitaria \u00e8 veramente scandalosa\u201d.<div id=\"videoincontent\" style=\"clear:both\";><\/div><\/p>\n\n\n\n<p>Sempre al policlinico per gli infermieri anche la beffa della mancata pubblicazione del bando per la Progressione economica orizzontale. Massimo Latella, referente aziendale Nursind, spiega che \u201cil bando non \u00e8 stato pubblicato nonostante in delegazione trattante avessimo raggiunto un accordo con l\u2019amministrazione\u201d. Al contrario, il Nursind sostiene che la Direzione pare intenzionata a deliberare per il personale amministrativo ben 31 posizioni organizzative, cio\u00e8 oltre al proprio stipendio prenderanno indennit\u00e0 che vanno dai 3.000 ai 12.000 euro l&#8217;anno in pi\u00f9, somme che accontenterebbero solo pochi \u201celetti\u201d. Questa incertezza causerebbe anche la fuga degli infermieri. Diventa complicato infatti reclutare i precari, perch\u00e9 in altre Asp sono previsti contratti annuali ed anche triennali. \u201cSi prevede che entro gennaio andranno via altri dieci infermieri circa aggravando sempre di pi\u00f9 la situazione\u201d afferma il Nursind. Grande la carenza anche di Oss.<\/p>\n\n\n\n<p>Gravi problemi anche al Papardo dove il sindacato Nursind ha diffidato i vertici aziendali perch\u00e9 \u201cnei reparti di Cardiologia, Pneumologia, Neurochirugia, Ematologia, Utin, Chirurgia generale, Chirurgia plastica, Urologia e Medicina, si registra carenza di infermieri che sono per altro costretti a svolgere la propria attivit\u00e0 in emergenza e criticit\u00e0. Durante il turno notturno manca anche il personale Oss gi\u00e0 deficitario di giorno e gli infermieri svolgono mansioni inferiori per supplire a queste carenze senza ricevere un tempestivo cambio dopo 11 ore di servizio\u201d.<\/p>\n\n\n\n<p>Criticit\u00e0 si registrano anche all\u2019Irccs. Il Nursind spiega che \u201cin semi intensiva, dove solitamente ci sono 8 posti, la struttura ospita nove pazienti, mentre in zona grigia delle quattro postazioni covid con ossigeno si \u00e8 passati a nove. La situazione \u00e8 preoccupante &#8211; prosegue Mangano Basilio, segretario aziendale Nursind &#8211; abbiamo molti pi\u00f9 pazienti di quelli che possiamo, siamo oltre il cento per cento. Abbiamo carichi di lavoro insostenibili, altro che zona gialla, la situazione sanitaria \u00e8 da zona rossa. Persino le bombole di ossigeno rischiano in certi momenti di non bastare, i monitor e le barelle del pronto soccorso sono stati spostati per assistere i pazienti covid, questo comporta gravi disagi per gli operatori sanitari e per l\u2019assistenza\u201d.<\/p>\n","protected":false},"excerpt":{"rendered":"<p>Gravi carenze di personale negli ospedali, dal Papardo di Messina al Policlinico, mancata erogazione di indennit\u00e0 agli infermieri, reparti non ancora ultimati, gestione Covid in forte sofferenza. Questo, in sintesi, l\u2019allarme lanciato dal sindacato delle professioni infermieristiche, Nursind, denunciando una situazione di caos nella sanit\u00e0 messinese. Al policlinico \u00e8 emergenza nella gestione del covid. \u201cIl [&hellip;]<\/p>\n","protected":false},"author":8,"featured_media":1426,"comment_status":"open","ping_status":"open","sticky":false,"template":"","format":"standard","meta":{"ub_ctt_via":"","_mi_skip_tracking":false},"categories":[6],"tags":[3648],"featured_image_src":"https:\/\/www.messinaoggi.it\/website\/wp-content\/uploads\/2017\/06\/Policlinico-3.jpg","author_info":{"display_name":"red..me","author_link":"https:\/\/www.messinaoggi.it\/website\/author\/redstage\/"},"digistream_id":0,"digistream":false,"_links":{"self":[{"href":"https:\/\/www.messinaoggi.it\/website\/wp-json\/wp\/v2\/posts\/92591"}],"collection":[{"href":"https:\/\/www.messinaoggi.it\/website\/wp-json\/wp\/v2\/posts"}],"about":[{"href":"https:\/\/www.messinaoggi.it\/website\/wp-json\/wp\/v2\/types\/post"}],"author":[{"embeddable":true,"href":"https:\/\/www.messinaoggi.it\/website\/wp-json\/wp\/v2\/users\/8"}],"replies":[{"embeddable":true,"href":"https:\/\/www.messinaoggi.it\/website\/wp-json\/wp\/v2\/comments?post=92591"}],"version-history":[{"count":1,"href":"https:\/\/www.messinaoggi.it\/website\/wp-json\/wp\/v2\/posts\/92591\/revisions"}],"predecessor-version":[{"id":92592,"href":"https:\/\/www.messinaoggi.it\/website\/wp-json\/wp\/v2\/posts\/92591\/revisions\/92592"}],"wp:featuredmedia":[{"embeddable":true,"href":"https:\/\/www.messinaoggi.it\/website\/wp-json\/wp\/v2\/media\/1426"}],"wp:attachment":[{"href":"https:\/\/www.messinaoggi.it\/website\/wp-json\/wp\/v2\/media?parent=92591"}],"wp:term":[{"taxonomy":"category","embeddable":true,"href":"https:\/\/www.messinaoggi.it\/website\/wp-json\/wp\/v2\/categories?post=92591"},{"taxonomy":"post_tag","embeddable":true,"href":"https:\/\/www.messinaoggi.it\/website\/wp-json\/wp\/v2\/tags?post=92591"}],"curies":[{"name":"wp","href":"https:\/\/api.w.org\/{rel}","templated":true}]}}