{"id":92547,"date":"2022-01-03T18:08:03","date_gmt":"2022-01-03T17:08:03","guid":{"rendered":"https:\/\/www.messinaoggi.it\/website\/2022\/01\/03\/orlando-la-riforma-degli-ammortizzatori-sociali-va-nella-strada-giusta\/"},"modified":"2022-01-03T18:08:03","modified_gmt":"2022-01-03T17:08:03","slug":"orlando-la-riforma-degli-ammortizzatori-sociali-va-nella-strada-giusta","status":"publish","type":"post","link":"https:\/\/www.messinaoggi.it\/website\/2022\/01\/03\/orlando-la-riforma-degli-ammortizzatori-sociali-va-nella-strada-giusta\/","title":{"rendered":"Orlando \u201cLa riforma degli ammortizzatori sociali va nella strada giusta\u201d"},"content":{"rendered":"<div>ROMA (ITALPRESS) &#8211; &#8220;Con la Legge di Bilancio 2022 \u00e8 entrata in vigore la riforma degli ammortizzatori sociali. Una riforma &#8220;universalistica&#8221; che interviene sulle disomogeneit\u00e0 esistenti per realizzare una maggiore equit\u00e0 generale del sistema. L&#8217;obiettivo che ci siamo dati \u00e8 che nessuna lavoratrice e nessun lavoratore rimanga escluso dal sistema di protezione sociale &#8211; sia in costanza di rapporto di lavoro sia in mancanza di occupazione &#8211; e che vi sia un miglioramento delle prestazioni, sia in termini di durata che di trattamento. Adesso, con questa riforma, per 12,4 milioni di persone ci saranno nuove o maggiori protezioni sociali. E&#8217; un primo passo, ma abbiamo intrapreso la strada giusta sulla quale proseguire&#8221;. Lo scrive su Facebook il ministro del Lavoro Andrea Orlando.<br \/>(ITALPRESS).<\/div>\n<div id=\"div-gpt-ad-Messinaoggi.it-DSK-300x250-corpoart\" style=\"text-align:center;margin:0 auto;\"><\/div><\/p><div id=\"videoincontent\" style=\"clear:both\";><\/div>","protected":false},"excerpt":{"rendered":"<p>ROMA (ITALPRESS) &#8211; &#8220;Con la Legge di Bilancio 2022 \u00e8 entrata in vigore la riforma degli ammortizzatori sociali. Una riforma &#8220;universalistica&#8221; che interviene sulle disomogeneit\u00e0 esistenti per realizzare una maggiore equit\u00e0 generale del sistema. L&#8217;obiettivo che ci siamo dati \u00e8 che nessuna lavoratrice e nessun lavoratore rimanga escluso dal sistema di protezione sociale &#8211; sia [&hellip;]<\/p>\n","protected":false},"author":18,"featured_media":92548,"comment_status":"closed","ping_status":"closed","sticky":false,"template":"","format":"standard","meta":{"ub_ctt_via":"","_mi_skip_tracking":false},"categories":[446],"tags":[783],"featured_image_src":"https:\/\/www.messinaoggi.it\/website\/wp-content\/uploads\/2022\/01\/20220103_1540.jpg","author_info":{"display_name":"Admin","author_link":"https:\/\/www.messinaoggi.it\/website\/author\/admin\/"},"digistream_id":0,"digistream":false,"_links":{"self":[{"href":"https:\/\/www.messinaoggi.it\/website\/wp-json\/wp\/v2\/posts\/92547"}],"collection":[{"href":"https:\/\/www.messinaoggi.it\/website\/wp-json\/wp\/v2\/posts"}],"about":[{"href":"https:\/\/www.messinaoggi.it\/website\/wp-json\/wp\/v2\/types\/post"}],"author":[{"embeddable":true,"href":"https:\/\/www.messinaoggi.it\/website\/wp-json\/wp\/v2\/users\/18"}],"replies":[{"embeddable":true,"href":"https:\/\/www.messinaoggi.it\/website\/wp-json\/wp\/v2\/comments?post=92547"}],"version-history":[{"count":0,"href":"https:\/\/www.messinaoggi.it\/website\/wp-json\/wp\/v2\/posts\/92547\/revisions"}],"wp:featuredmedia":[{"embeddable":true,"href":"https:\/\/www.messinaoggi.it\/website\/wp-json\/wp\/v2\/media\/92548"}],"wp:attachment":[{"href":"https:\/\/www.messinaoggi.it\/website\/wp-json\/wp\/v2\/media?parent=92547"}],"wp:term":[{"taxonomy":"category","embeddable":true,"href":"https:\/\/www.messinaoggi.it\/website\/wp-json\/wp\/v2\/categories?post=92547"},{"taxonomy":"post_tag","embeddable":true,"href":"https:\/\/www.messinaoggi.it\/website\/wp-json\/wp\/v2\/tags?post=92547"}],"curies":[{"name":"wp","href":"https:\/\/api.w.org\/{rel}","templated":true}]}}