{"id":92517,"date":"2022-01-03T12:07:54","date_gmt":"2022-01-03T11:07:54","guid":{"rendered":"https:\/\/www.messinaoggi.it\/website\/2022\/01\/03\/covid-cirio-i-vaccini-stanno-funzionando\/"},"modified":"2022-01-03T12:07:54","modified_gmt":"2022-01-03T11:07:54","slug":"covid-cirio-i-vaccini-stanno-funzionando","status":"publish","type":"post","link":"https:\/\/www.messinaoggi.it\/website\/2022\/01\/03\/covid-cirio-i-vaccini-stanno-funzionando\/","title":{"rendered":"Covid, Cirio \u201cI vaccini stanno funzionando\u201d"},"content":{"rendered":"<div>TORINO (ITALPRESS) &#8211; &#8220;Zona arancione? Non si possono fare previsioni al momento. Questa \u00e8 la prima ondata che gestiamo lasciando tutto aperto, al momento siamo ampiamente sotto i limiti di capienza delle terapie ordinarie e intensive&#8221;. Cos\u00ec Alberto Cirio, governatore del Piemonte, alla riapertura dell&#8217;hub vaccinale al parco del Valentino, a Torino, dove si possono inoculare 2.000 dosi giornaliere, in merito al possibile passaggio della regione dalla zona gialla a quella arancione, anche in previsione della riapertura delle scuole.<br \/>&#8220;Questa quarta ondata dura da dieci settimane, la terza dur\u00f2 sette settimane. Questo perch\u00e8, non avendo lockdown, non c&#8217;\u00e8 un calo automatico come avvenuto in passato&#8221;, aggiunge. &#8220;La vaccinazione ha funzionato. Riusciremo a fare sempre meglio, invitando la gente a vaccinarsi in strutture come questa&#8221;, conclude Cirio.<br \/>(ITALPRESS).<\/div>\n<div id=\"div-gpt-ad-Messinaoggi.it-DSK-300x250-corpoart\" style=\"text-align:center;margin:0 auto;\"><\/div><\/p><div id=\"videoincontent\" style=\"clear:both\";><\/div>","protected":false},"excerpt":{"rendered":"<p>TORINO (ITALPRESS) &#8211; &#8220;Zona arancione? Non si possono fare previsioni al momento. Questa \u00e8 la prima ondata che gestiamo lasciando tutto aperto, al momento siamo ampiamente sotto i limiti di capienza delle terapie ordinarie e intensive&#8221;. Cos\u00ec Alberto Cirio, governatore del Piemonte, alla riapertura dell&#8217;hub vaccinale al parco del Valentino, a Torino, dove si possono [&hellip;]<\/p>\n","protected":false},"author":18,"featured_media":92518,"comment_status":"closed","ping_status":"closed","sticky":false,"template":"","format":"standard","meta":{"ub_ctt_via":"","_mi_skip_tracking":false},"categories":[446],"tags":[783],"featured_image_src":"https:\/\/www.messinaoggi.it\/website\/wp-content\/uploads\/2022\/01\/20220103_0344.jpg","author_info":{"display_name":"Admin","author_link":"https:\/\/www.messinaoggi.it\/website\/author\/admin\/"},"digistream_id":0,"digistream":false,"_links":{"self":[{"href":"https:\/\/www.messinaoggi.it\/website\/wp-json\/wp\/v2\/posts\/92517"}],"collection":[{"href":"https:\/\/www.messinaoggi.it\/website\/wp-json\/wp\/v2\/posts"}],"about":[{"href":"https:\/\/www.messinaoggi.it\/website\/wp-json\/wp\/v2\/types\/post"}],"author":[{"embeddable":true,"href":"https:\/\/www.messinaoggi.it\/website\/wp-json\/wp\/v2\/users\/18"}],"replies":[{"embeddable":true,"href":"https:\/\/www.messinaoggi.it\/website\/wp-json\/wp\/v2\/comments?post=92517"}],"version-history":[{"count":0,"href":"https:\/\/www.messinaoggi.it\/website\/wp-json\/wp\/v2\/posts\/92517\/revisions"}],"wp:featuredmedia":[{"embeddable":true,"href":"https:\/\/www.messinaoggi.it\/website\/wp-json\/wp\/v2\/media\/92518"}],"wp:attachment":[{"href":"https:\/\/www.messinaoggi.it\/website\/wp-json\/wp\/v2\/media?parent=92517"}],"wp:term":[{"taxonomy":"category","embeddable":true,"href":"https:\/\/www.messinaoggi.it\/website\/wp-json\/wp\/v2\/categories?post=92517"},{"taxonomy":"post_tag","embeddable":true,"href":"https:\/\/www.messinaoggi.it\/website\/wp-json\/wp\/v2\/tags?post=92517"}],"curies":[{"name":"wp","href":"https:\/\/api.w.org\/{rel}","templated":true}]}}