{"id":92477,"date":"2022-01-02T14:07:35","date_gmt":"2022-01-02T13:07:35","guid":{"rendered":"https:\/\/www.messinaoggi.it\/website\/2022\/01\/02\/papa-accogliamo-concretamente-dio-in-nostre-oscurita\/"},"modified":"2022-01-02T14:07:35","modified_gmt":"2022-01-02T13:07:35","slug":"papa-accogliamo-concretamente-dio-in-nostre-oscurita","status":"publish","type":"post","link":"https:\/\/www.messinaoggi.it\/website\/2022\/01\/02\/papa-accogliamo-concretamente-dio-in-nostre-oscurita\/","title":{"rendered":"Papa \u201cAccogliamo concretamente Dio in nostre oscurit\u00e0\u201d"},"content":{"rendered":"<div>ROMA (ITALPRESS) &#8211; &#8220;Spesso ci teniamo a distanza da Dio perch\u00e8 pensiamo di non essere degni di Lui per altri motivi, ma il Natale ci invita a vedere le cose dal Suo punto di vista. Dio desidera incarnarsi: se il tuo cuore ti sembra troppo inquinato dal male, non chiuderti e non avere paura. Ges\u00f9 \u00e8 nato nella povert\u00e0, non teme di abitare il tuo cuore&#8221;. Questa le parole di Papa Francesco nell&#8217;Angelus al Vaticano. &#8220;Lui vuole abitare in noi, non rimanere lontano. Vogliamo fargli spazio? A parole s\u00ec, ma concretamente? Magari ci sono aspetti che teniamo per noi esclusivi, o luoghi interiori in cui abbiamo paura che entri il Vangelo &#8211; prosegue il Santo Padre &#8211; Oggi vi invito alla concretezza. Ognuno ha il proprio peccato, ma Lui \u00e8 venuto per guarirci e facciamolo vedere qual \u00e8 il peccato. Il Presepe mostra Ges\u00f9 che viene ad abitare nelle nostre vite concrete, in mezzo a tanti problemi c&#8217;\u00e8 Dio: davanti al Presepe parliamo a Ges\u00f9 delle nostre vicende concrete, invitiamolo ufficialmente nella nostra vita e soprattutto nelle nostre zone oscure. Raccontiamo i problemi personali, anche i pi\u00f9 brutti&#8221;. <br \/>(ITALPRESS).<\/div>\n<div id=\"div-gpt-ad-Messinaoggi.it-DSK-300x250-corpoart\" style=\"text-align:center;margin:0 auto;\"><\/div><\/p><div id=\"videoincontent\" style=\"clear:both\";><\/div>","protected":false},"excerpt":{"rendered":"<p>ROMA (ITALPRESS) &#8211; &#8220;Spesso ci teniamo a distanza da Dio perch\u00e8 pensiamo di non essere degni di Lui per altri motivi, ma il Natale ci invita a vedere le cose dal Suo punto di vista. Dio desidera incarnarsi: se il tuo cuore ti sembra troppo inquinato dal male, non chiuderti e non avere paura. Ges\u00f9 [&hellip;]<\/p>\n","protected":false},"author":18,"featured_media":92478,"comment_status":"closed","ping_status":"closed","sticky":false,"template":"","format":"standard","meta":{"ub_ctt_via":"","_mi_skip_tracking":false},"categories":[446],"tags":[783],"featured_image_src":"https:\/\/www.messinaoggi.it\/website\/wp-content\/uploads\/2022\/01\/20220102_0301.jpg","author_info":{"display_name":"Admin","author_link":"https:\/\/www.messinaoggi.it\/website\/author\/admin\/"},"digistream_id":0,"digistream":false,"_links":{"self":[{"href":"https:\/\/www.messinaoggi.it\/website\/wp-json\/wp\/v2\/posts\/92477"}],"collection":[{"href":"https:\/\/www.messinaoggi.it\/website\/wp-json\/wp\/v2\/posts"}],"about":[{"href":"https:\/\/www.messinaoggi.it\/website\/wp-json\/wp\/v2\/types\/post"}],"author":[{"embeddable":true,"href":"https:\/\/www.messinaoggi.it\/website\/wp-json\/wp\/v2\/users\/18"}],"replies":[{"embeddable":true,"href":"https:\/\/www.messinaoggi.it\/website\/wp-json\/wp\/v2\/comments?post=92477"}],"version-history":[{"count":0,"href":"https:\/\/www.messinaoggi.it\/website\/wp-json\/wp\/v2\/posts\/92477\/revisions"}],"wp:featuredmedia":[{"embeddable":true,"href":"https:\/\/www.messinaoggi.it\/website\/wp-json\/wp\/v2\/media\/92478"}],"wp:attachment":[{"href":"https:\/\/www.messinaoggi.it\/website\/wp-json\/wp\/v2\/media?parent=92477"}],"wp:term":[{"taxonomy":"category","embeddable":true,"href":"https:\/\/www.messinaoggi.it\/website\/wp-json\/wp\/v2\/categories?post=92477"},{"taxonomy":"post_tag","embeddable":true,"href":"https:\/\/www.messinaoggi.it\/website\/wp-json\/wp\/v2\/tags?post=92477"}],"curies":[{"name":"wp","href":"https:\/\/api.w.org\/{rel}","templated":true}]}}