{"id":92466,"date":"2022-01-02T09:07:51","date_gmt":"2022-01-02T08:07:51","guid":{"rendered":"https:\/\/www.messinaoggi.it\/website\/2022\/01\/02\/carceri-petralia-covid-colpisce-ma-alta-la-percentuale-dei-vaccini\/"},"modified":"2022-01-02T09:07:51","modified_gmt":"2022-01-02T08:07:51","slug":"carceri-petralia-covid-colpisce-ma-alta-la-percentuale-dei-vaccini","status":"publish","type":"post","link":"https:\/\/www.messinaoggi.it\/website\/2022\/01\/02\/carceri-petralia-covid-colpisce-ma-alta-la-percentuale-dei-vaccini\/","title":{"rendered":"Carceri, Petralia \u201cCovid colpisce ma alta la percentuale dei vaccini\u201d"},"content":{"rendered":"<div>ROMA (ITALPRESS) &#8211; &#8220;Le prospettive di incremento lavorativo sono tante, direi tantissime. Insieme alla ministra Cartabia stiamo sperimentando anche ipotesi innovative, e se la pandemia rallenta la sua morsa, ne sentiremo presto parlare. Questo da Nord a Sud.<br \/>Fermo il discorso che se si riuscisse a far lavorare tutti i detenuti, i problemi della realt\u00e0 penitenziaria ne risentirebbero in positivo\u00bb. Cos\u00ec il direttore delle carceri italiane, Bernardo Petralia in una intervista a La Repubblica commenta il dato del 2021 per cui 15.827 detenuti lavorano. <br \/>\u00abA Rebibbia una decina e pi\u00f9 di detenuti fanno un lavoro di alta specializzazione e umanit\u00e0. Gestiscono il call center dell&#8217;ospedale Bambin Ges\u00f9 di Roma. La rigenerazione di modem della Linkem che escono come nuovi dal carcere di Lecce e da Rebibbia femminile. Posso rivelare che i manager dell&#8217;azienda mi hanno confessato che questa manodopera \u00e8 di gran lunga superiore a quella esterna. Poi la bonifica del parco Rogoredo di Milano. E la pulizia dei giardini e delle coste dell&#8217;isola di Favignana\u00bb.<br \/>Per quel che riguarda l&#8217;emergenza Covid in carcere Peralia spiega: &#8220;Quest&#8217;ennesima ondata, purtroppo, colpisce pure le carceri, dove abbiamo per\u00f2 anche percentuali altissime di vaccinazione: al momento le dosi sono oltre 95mila.<br \/>Grazie ai protocolli con le Asl e al pressing continuo sulle Regioni ci sono pochissimi sintomatici e qualche ricoverato, poich\u00e8 tutti gli altri sono asintomatici\u00bb.<br \/>Il 2021 sar\u00e0 ricordato come l&#8217;anno dei detenuti picchiati a Santa Maria Capua Vetere e degli agenti violenti arrestati.<br \/>\u00abQuello che io chiamo un tradimento della divisa si \u00e8 scoperto grazie alla scrupolosa attivit\u00e0 di un magistrato di sorveglianza. Da quella vicenda \u00e8 scaturito un nostro rigore estremo, anche per scongiurare il rischio di un trascinamento in questa vergogna dell&#8217;intero corpo della Polizia penitenziaria che invece d\u00e0 continui segni di essere sano\u00bb.<br \/>E sulla situazione generale della vita nelle carceri: &#8220;Non dimentichiamo mai che sono luoghi di prigionia. E uso apposta questo antico termine che fa comprendere come l\u00ec si venga tristemente privati del bene prezioso della libert\u00e0. Quando vinsi il concorso in magistratura, mio suocero penalista mi disse che per ogni toga sarebbe utile vivere per qualche settimana la vita del carcere. Adesso capisco fino in fondo quelle parole\u00bb conclude. <br \/>(ITALPRESS).<\/div>\n<div id=\"div-gpt-ad-Messinaoggi.it-DSK-300x250-corpoart\" style=\"text-align:center;margin:0 auto;\"><\/div><\/p><div id=\"videoincontent\" style=\"clear:both\";><\/div>","protected":false},"excerpt":{"rendered":"<p>ROMA (ITALPRESS) &#8211; &#8220;Le prospettive di incremento lavorativo sono tante, direi tantissime. Insieme alla ministra Cartabia stiamo sperimentando anche ipotesi innovative, e se la pandemia rallenta la sua morsa, ne sentiremo presto parlare. Questo da Nord a Sud.Fermo il discorso che se si riuscisse a far lavorare tutti i detenuti, i problemi della realt\u00e0 penitenziaria [&hellip;]<\/p>\n","protected":false},"author":18,"featured_media":92467,"comment_status":"closed","ping_status":"closed","sticky":false,"template":"","format":"standard","meta":{"ub_ctt_via":"","_mi_skip_tracking":false},"categories":[446],"tags":[783],"featured_image_src":"https:\/\/www.messinaoggi.it\/website\/wp-content\/uploads\/2022\/01\/20220102_0065.jpg","author_info":{"display_name":"Admin","author_link":"https:\/\/www.messinaoggi.it\/website\/author\/admin\/"},"digistream_id":0,"digistream":false,"_links":{"self":[{"href":"https:\/\/www.messinaoggi.it\/website\/wp-json\/wp\/v2\/posts\/92466"}],"collection":[{"href":"https:\/\/www.messinaoggi.it\/website\/wp-json\/wp\/v2\/posts"}],"about":[{"href":"https:\/\/www.messinaoggi.it\/website\/wp-json\/wp\/v2\/types\/post"}],"author":[{"embeddable":true,"href":"https:\/\/www.messinaoggi.it\/website\/wp-json\/wp\/v2\/users\/18"}],"replies":[{"embeddable":true,"href":"https:\/\/www.messinaoggi.it\/website\/wp-json\/wp\/v2\/comments?post=92466"}],"version-history":[{"count":0,"href":"https:\/\/www.messinaoggi.it\/website\/wp-json\/wp\/v2\/posts\/92466\/revisions"}],"wp:featuredmedia":[{"embeddable":true,"href":"https:\/\/www.messinaoggi.it\/website\/wp-json\/wp\/v2\/media\/92467"}],"wp:attachment":[{"href":"https:\/\/www.messinaoggi.it\/website\/wp-json\/wp\/v2\/media?parent=92466"}],"wp:term":[{"taxonomy":"category","embeddable":true,"href":"https:\/\/www.messinaoggi.it\/website\/wp-json\/wp\/v2\/categories?post=92466"},{"taxonomy":"post_tag","embeddable":true,"href":"https:\/\/www.messinaoggi.it\/website\/wp-json\/wp\/v2\/tags?post=92466"}],"curies":[{"name":"wp","href":"https:\/\/api.w.org\/{rel}","templated":true}]}}