{"id":92464,"date":"2022-01-03T00:07:37","date_gmt":"2022-01-02T23:07:37","guid":{"rendered":"https:\/\/www.messinaoggi.it\/website\/2022\/01\/02\/covid-locatelli-variante-omicron-meno-grave-ma-va-fermata\/"},"modified":"2022-01-03T11:09:03","modified_gmt":"2022-01-03T10:09:03","slug":"covid-locatelli-variante-omicron-meno-grave-ma-va-fermata","status":"publish","type":"post","link":"https:\/\/www.messinaoggi.it\/website\/2022\/01\/03\/covid-locatelli-variante-omicron-meno-grave-ma-va-fermata\/","title":{"rendered":"Covid, Locatelli \u201cVariante Omicron meno grave ma va fermata\u201d"},"content":{"rendered":"<div>ROMA (ITALPRESS) &#8211; &#8220;Servirebbe la sfera di cristallo\u00bb. Cos\u00ec il coordinatore del Comitato tecnico scientifico e primario del Bambin Ges\u00f9 Franco Locatelli risponde a una domanda sulle previsioni relative alla pandemia per il 2022 appena cominciato. <br \/>&#8220;Siamo in una fase di crescita pressoch\u00e8 esponenziale dei contagi &#8211; afferma sul quotidiano La Repubblica &#8211; L&#8217;incidenza settimanale per 100mila abitanti \u00e8 pi\u00f9 che raddoppiata in 7 giorni, passando da 350 a 783. Se \u00e8 vero che il 20 dicembre l&#8217;Istituto Superiore di Sanit\u00e0 stimava Omicron al 21%, oggi siamo su valori superiori sia per la maggiore contagiosit\u00e0 che per l&#8217;incubazione pi\u00f9 breve\u00bb. \u00abNon sposerei assolutamente l&#8217;idea di lasciar correre il virus &#8211; prosegue &#8211; Anche se i dati dei ricercatori inglesi mostrano che con Omicron i ricoveri sono ridotti a un terzo, un aumento marcato dei contagi avrebbe un impatto pesante sul sistema sanitario. Anche con sintomi meno severi un&#8217;ondata incontrollata porterebbe a una crescita di ricoveri e vittime. In Italia 1,3 milioni di persone sopra ai 60 anni non sono vaccinate&#8221;.<br \/>&#8220;L&#8217;obbligo? E&#8217; una scelta che spetta alla politica perch\u00e8 non ha valenze solo sanitarie, ma anche etiche e sociali. Sono sempre stato un fautore del vaccino facoltativo. Ora per\u00f2 da tecnico della sanit\u00e0 dico che le condizioni sono mature per l&#8217;obbligo per rispondere alle esigenze di salute dei pazienti con Covid o con malattie diverse\u00bb. \u00abDobbiamo adottare tutte le misure per la prevenzione dei contagi anche per mantenere gli ospedali funzionali. Non c&#8217;\u00e8 solo il Covid. Le altre malattie continuano ad aver bisogno di risposte adeguate.<br \/>(ITALPRESS).<\/div>\n<div id=\"div-gpt-ad-Messinaoggi.it-DSK-300x250-corpoart\" style=\"text-align:center;margin:0 auto;\"><\/div><\/p><div id=\"videoincontent\" style=\"clear:both\";><\/div>","protected":false},"excerpt":{"rendered":"<p>ROMA (ITALPRESS) &#8211; &#8220;Servirebbe la sfera di cristallo\u00bb. Cos\u00ec il coordinatore del Comitato tecnico scientifico e primario del Bambin Ges\u00f9 Franco Locatelli risponde a una domanda sulle previsioni relative alla pandemia per il 2022 appena cominciato. &#8220;Siamo in una fase di crescita pressoch\u00e8 esponenziale dei contagi &#8211; afferma sul quotidiano La Repubblica &#8211; L&#8217;incidenza settimanale [&hellip;]<\/p>\n","protected":false},"author":18,"featured_media":92465,"comment_status":"closed","ping_status":"closed","sticky":false,"template":"","format":"standard","meta":{"ub_ctt_via":"","_mi_skip_tracking":false},"categories":[221,446],"tags":[783],"featured_image_src":"https:\/\/www.messinaoggi.it\/website\/wp-content\/uploads\/2022\/01\/20220102_0062.jpg","author_info":{"display_name":"Admin","author_link":"https:\/\/www.messinaoggi.it\/website\/author\/admin\/"},"digistream_id":0,"digistream":false,"_links":{"self":[{"href":"https:\/\/www.messinaoggi.it\/website\/wp-json\/wp\/v2\/posts\/92464"}],"collection":[{"href":"https:\/\/www.messinaoggi.it\/website\/wp-json\/wp\/v2\/posts"}],"about":[{"href":"https:\/\/www.messinaoggi.it\/website\/wp-json\/wp\/v2\/types\/post"}],"author":[{"embeddable":true,"href":"https:\/\/www.messinaoggi.it\/website\/wp-json\/wp\/v2\/users\/18"}],"replies":[{"embeddable":true,"href":"https:\/\/www.messinaoggi.it\/website\/wp-json\/wp\/v2\/comments?post=92464"}],"version-history":[{"count":1,"href":"https:\/\/www.messinaoggi.it\/website\/wp-json\/wp\/v2\/posts\/92464\/revisions"}],"predecessor-version":[{"id":92512,"href":"https:\/\/www.messinaoggi.it\/website\/wp-json\/wp\/v2\/posts\/92464\/revisions\/92512"}],"wp:featuredmedia":[{"embeddable":true,"href":"https:\/\/www.messinaoggi.it\/website\/wp-json\/wp\/v2\/media\/92465"}],"wp:attachment":[{"href":"https:\/\/www.messinaoggi.it\/website\/wp-json\/wp\/v2\/media?parent=92464"}],"wp:term":[{"taxonomy":"category","embeddable":true,"href":"https:\/\/www.messinaoggi.it\/website\/wp-json\/wp\/v2\/categories?post=92464"},{"taxonomy":"post_tag","embeddable":true,"href":"https:\/\/www.messinaoggi.it\/website\/wp-json\/wp\/v2\/tags?post=92464"}],"curies":[{"name":"wp","href":"https:\/\/api.w.org\/{rel}","templated":true}]}}