{"id":92448,"date":"2022-01-01T15:32:32","date_gmt":"2022-01-01T14:32:32","guid":{"rendered":"https:\/\/www.messinaoggi.it\/website\/2022\/01\/01\/ladler-sbarca-in-sicilia-con-un-resort-eco-sostenibile\/"},"modified":"2022-01-01T15:32:32","modified_gmt":"2022-01-01T14:32:32","slug":"ladler-sbarca-in-sicilia-con-un-resort-eco-sostenibile","status":"publish","type":"post","link":"https:\/\/www.messinaoggi.it\/website\/2022\/01\/01\/ladler-sbarca-in-sicilia-con-un-resort-eco-sostenibile\/","title":{"rendered":"L\u2019Adler sbarca in Sicilia con un resort eco-sostenibile"},"content":{"rendered":"<div>\n<p>AGRIGENTO (ITALPRESS) \u2013 Vedr\u00e0 la luce il 7 luglio 2022 il nuovo Resort Adler di Torre Salsa, al confine tra i territori di Siculiana e Montallegro, nell\u2019agrigentino. L\u2019Adler Spa Resort Sicilia avr\u00e0 210 posti letto e, a regime, dar\u00e0 lavoro a 150 persone. La struttura, vicino alla riserva di Torre Salsa, sar\u00e0 aperta almeno nove mesi l\u2019anno (da marzo a novembre) e l\u2019ambizione futura \u00e8 quella di allungare la stagione a undici mesi.<br \/>\nL\u2019Adler Spa Resort Sicila della famiglia Sanoner far\u00e0 parte di un numero ristretto di alberghi di alta qualit\u00e0 situati in contesti unici di grande pregio paesaggistico.<br \/>\nLa filosofia Adler \u00e8 da sempre quella di promuovere i territori in cui si inseriscono le strutture, valorizzando le risorse naturali e socio-culturali del contesto.<br \/>\nQuesto si traduce in: un\u2019architettura ecosostenibile volta a minimizzare l\u2019impatto sull\u2019ambiente, utilizzando materiali naturali e locali e inserendo le strutture perfettamente<br \/>\nnel paesaggio (per esempio sono previsti edifici monopiano con tetti a verde ed un progetto a verde con piante autoctone); un\u2019offerta eno-gastronomica all\u2019insegna dei valori della regionalit\u00e0 e dell\u2019agricoltura biologica e biodinamica. Nell\u2019approvvigionamento saranno privilegiati i produttori locali.<br \/>\nSar\u00e0 garantita un\u2019offerta esperienziale autentica per i clienti, che ha al centro attivit\u00e0 volte a fare conoscere in modo rispettoso le risorse naturali.<br \/>\nLa politica del personale \u00e8 volta a offrire ai collaboratori un lavoro stabile e a farli crescere insieme all\u2019azienda.<br \/>\n(ITALPRESS).<div id=\"div-gpt-ad-Messinaoggi.it-DSK-300x250-corpoart\" style=\"text-align:center;margin:0 auto;\"><\/div><\/p>\n<\/div>\n<div id=\"videoincontent\" style=\"clear:both\";><\/div>","protected":false},"excerpt":{"rendered":"<p>AGRIGENTO (ITALPRESS) \u2013 Vedr\u00e0 la luce il 7 luglio 2022 il nuovo Resort Adler di Torre Salsa, al confine tra i territori di Siculiana e Montallegro, nell\u2019agrigentino. L\u2019Adler Spa Resort Sicilia avr\u00e0 210 posti letto e, a regime, dar\u00e0 lavoro a 150 persone. La struttura, vicino alla riserva di Torre Salsa, sar\u00e0 aperta almeno nove [&hellip;]<\/p>\n","protected":false},"author":18,"featured_media":92449,"comment_status":"closed","ping_status":"closed","sticky":false,"template":"","format":"standard","meta":{"ub_ctt_via":"","_mi_skip_tracking":false},"categories":[2449],"tags":[783],"featured_image_src":"https:\/\/www.messinaoggi.it\/website\/wp-content\/uploads\/2022\/01\/20220101_0176.jpg","author_info":{"display_name":"Admin","author_link":"https:\/\/www.messinaoggi.it\/website\/author\/admin\/"},"digistream_id":0,"digistream":false,"_links":{"self":[{"href":"https:\/\/www.messinaoggi.it\/website\/wp-json\/wp\/v2\/posts\/92448"}],"collection":[{"href":"https:\/\/www.messinaoggi.it\/website\/wp-json\/wp\/v2\/posts"}],"about":[{"href":"https:\/\/www.messinaoggi.it\/website\/wp-json\/wp\/v2\/types\/post"}],"author":[{"embeddable":true,"href":"https:\/\/www.messinaoggi.it\/website\/wp-json\/wp\/v2\/users\/18"}],"replies":[{"embeddable":true,"href":"https:\/\/www.messinaoggi.it\/website\/wp-json\/wp\/v2\/comments?post=92448"}],"version-history":[{"count":0,"href":"https:\/\/www.messinaoggi.it\/website\/wp-json\/wp\/v2\/posts\/92448\/revisions"}],"wp:featuredmedia":[{"embeddable":true,"href":"https:\/\/www.messinaoggi.it\/website\/wp-json\/wp\/v2\/media\/92449"}],"wp:attachment":[{"href":"https:\/\/www.messinaoggi.it\/website\/wp-json\/wp\/v2\/media?parent=92448"}],"wp:term":[{"taxonomy":"category","embeddable":true,"href":"https:\/\/www.messinaoggi.it\/website\/wp-json\/wp\/v2\/categories?post=92448"},{"taxonomy":"post_tag","embeddable":true,"href":"https:\/\/www.messinaoggi.it\/website\/wp-json\/wp\/v2\/tags?post=92448"}],"curies":[{"name":"wp","href":"https:\/\/api.w.org\/{rel}","templated":true}]}}