{"id":92393,"date":"2021-12-31T10:16:11","date_gmt":"2021-12-31T09:16:11","guid":{"rendered":"http:\/\/www.messinaoggi.it\/website\/?p=92393"},"modified":"2021-12-31T10:16:32","modified_gmt":"2021-12-31T09:16:32","slug":"attraversamento-stretto-germana-sicilia-rischia-lisolamento-col-super-green-pass","status":"publish","type":"post","link":"https:\/\/www.messinaoggi.it\/website\/2021\/12\/31\/attraversamento-stretto-germana-sicilia-rischia-lisolamento-col-super-green-pass\/","title":{"rendered":"Attraversamento Stretto, German\u00e0: \u201cSicilia rischia l\u2019isolamento col super green pass\u201d"},"content":{"rendered":"\n<p>L\u2019obbligo, a partire dal 10 gennaio, del super green pass per salire su tutti i mezzi, traghetti inclusi, rischia di creare in Sicilia un blocco alla mobilit\u00e0 tra regioni. Questo, in sintesi, l\u2019allarme lanciato dal deputato della Lega Nino German\u00e0.<div id=\"div-gpt-ad-Messinaoggi.it-DSK-300x250-corpoart\" style=\"text-align:center;margin:0 auto;\"><\/div><\/p>\n\n\n\n<p>\u201cDal 10 gennaio &#8211; si legge in un post su Facebook di German\u00e0 &#8211; per salire su tutti i mezzi bisogner\u00e0 avere il super green pass. Sicuramente il Governo ha ragionato a tutela della salute dei cittadini. Temo, per\u00f2, che la Sicilia possa essere l\u2019unica regione d\u2019Italia a subire quello che di fatto sarebbe un blocco alla mobilit\u00e0 tra regioni, data la sua conformazione geografica.<div id=\"videoincontent\" style=\"clear:both\";><\/div><\/p>\n\n\n\n<p>&#8220;Oltre al rischio che l\u2019isola possa essere penalizzata nei rifornimenti, visto che molti autotrasportatori (sprovvisti di super green pass), provenienti anche da altri Paesi, potrebbero essere bloccati all\u2019ingresso mentre potrebbero viaggiare serenamente dalla Lombardia alla Calabria per consegnare le merci, senza poter attraversare lo Stretto&#8221;.<\/p>\n","protected":false},"excerpt":{"rendered":"<p>L\u2019obbligo, a partire dal 10 gennaio, del super green pass per salire su tutti i mezzi, traghetti inclusi, rischia di creare in Sicilia un blocco alla mobilit\u00e0 tra regioni. Questo, in sintesi, l\u2019allarme lanciato dal deputato della Lega Nino German\u00e0. \u201cDal 10 gennaio &#8211; si legge in un post su Facebook di German\u00e0 &#8211; per [&hellip;]<\/p>\n","protected":false},"author":8,"featured_media":13109,"comment_status":"open","ping_status":"open","sticky":false,"template":"","format":"standard","meta":{"ub_ctt_via":"","_mi_skip_tracking":false},"categories":[4],"tags":[70,3778],"featured_image_src":"https:\/\/www.messinaoggi.it\/website\/wp-content\/uploads\/2017\/12\/traghetto-Villa-messinaoggiMR.jpg","author_info":{"display_name":"red..me","author_link":"https:\/\/www.messinaoggi.it\/website\/author\/redstage\/"},"digistream_id":0,"digistream":false,"_links":{"self":[{"href":"https:\/\/www.messinaoggi.it\/website\/wp-json\/wp\/v2\/posts\/92393"}],"collection":[{"href":"https:\/\/www.messinaoggi.it\/website\/wp-json\/wp\/v2\/posts"}],"about":[{"href":"https:\/\/www.messinaoggi.it\/website\/wp-json\/wp\/v2\/types\/post"}],"author":[{"embeddable":true,"href":"https:\/\/www.messinaoggi.it\/website\/wp-json\/wp\/v2\/users\/8"}],"replies":[{"embeddable":true,"href":"https:\/\/www.messinaoggi.it\/website\/wp-json\/wp\/v2\/comments?post=92393"}],"version-history":[{"count":2,"href":"https:\/\/www.messinaoggi.it\/website\/wp-json\/wp\/v2\/posts\/92393\/revisions"}],"predecessor-version":[{"id":92395,"href":"https:\/\/www.messinaoggi.it\/website\/wp-json\/wp\/v2\/posts\/92393\/revisions\/92395"}],"wp:featuredmedia":[{"embeddable":true,"href":"https:\/\/www.messinaoggi.it\/website\/wp-json\/wp\/v2\/media\/13109"}],"wp:attachment":[{"href":"https:\/\/www.messinaoggi.it\/website\/wp-json\/wp\/v2\/media?parent=92393"}],"wp:term":[{"taxonomy":"category","embeddable":true,"href":"https:\/\/www.messinaoggi.it\/website\/wp-json\/wp\/v2\/categories?post=92393"},{"taxonomy":"post_tag","embeddable":true,"href":"https:\/\/www.messinaoggi.it\/website\/wp-json\/wp\/v2\/tags?post=92393"}],"curies":[{"name":"wp","href":"https:\/\/api.w.org\/{rel}","templated":true}]}}