{"id":92304,"date":"2021-12-30T11:02:24","date_gmt":"2021-12-30T10:02:24","guid":{"rendered":"http:\/\/www.messinaoggi.it\/website\/?p=92304"},"modified":"2021-12-30T11:02:29","modified_gmt":"2021-12-30T10:02:29","slug":"il-consiglio-mette-in-liquidazione-la-patrimonio-spa-previti-decisione-illegittima","status":"publish","type":"post","link":"https:\/\/www.messinaoggi.it\/website\/2021\/12\/30\/il-consiglio-mette-in-liquidazione-la-patrimonio-spa-previti-decisione-illegittima\/","title":{"rendered":"Il Consiglio mette in liquidazione la Patrimonio Spa, Previti: \u201cDecisione illegittima\u201d"},"content":{"rendered":"\n<p>Non si \u00e8 fatta attendere la reazione della giunta De Luca dopo la messa in liquidazione, da parte del Consiglio Comunale, della Patrimonio Spa, una delle partecipate create proprio dall\u2019attuale giunta comunale. Al riguardo, il vicesindaco Carlotta Previti ha affermato che la messa in liquidazione della societ\u00e0 \u00e8 illegittima, in quanto presa senza alcuna legittima motivazione.<div id=\"div-gpt-ad-Messinaoggi.it-DSK-300x250-corpoart\" style=\"text-align:center;margin:0 auto;\"><\/div><\/p>\n\n\n\n<p>\u201cIl Consiglio Comunale impegnandosi unicamente in una sterile azione volta solo al tentativo di demolire il lavoro dell\u2019amministrazione De Luca &#8211; scrive in una nota il vicesindaco Carlotta Previti &#8211; ha approvato taluni emendamenti privi di alcun fondamento normativo e pertanto illegittimi: senza alcuna legittima motivazione, ha infatti approvato la messa in liquidazione della Patrimonio Spa.<div id=\"videoincontent\" style=\"clear:both\";><\/div><\/p>\n\n\n\n<p>\u201cL&#8217;attivit\u00e0 di revisione periodica delle Societ\u00e0 partecipate costituisce un preciso obbligo normativo nascente dal processo di razionalizzazione delle societ\u00e0 delineato d.lgs. n. 175\/2016 ed implica anzitutto l\u2019adozione di un provvedimento necessariamente motivato in ordine alla sussistenza o meno dei presupposti ed ipotesi espressamente previsti dal comma 2 dell\u2019art. 20 del citato decreto.<\/p>\n\n\n\n<p>\u201cL\u2019emendamento presentato dai consiglieri comunali che determina la messa in liquidazione della Patrimonio Spa \u00e8 illegittimo perch\u00e9 privo di fondamento giuridico anche alla luce degli autorevoli orientamenti della Corte dei conti secondo i quali le ipotesi previste dalla citata normativa per la razionalizzazione delle societ\u00e0 partecipata sono tassative. Il Consiglio avrebbe determinato la messa in liquidazione della Patrimonio Spa motivando la decisione in quanto la societ\u00e0 sarebbe priva di dipendenti e pertanto ricorrerebbero i presupposti indicati dall\u2019art. 20 comma 2 lettera b del TUSP. Circostanza quest\u2019ultima non veritiera. La societ\u00e0 in realt\u00e0 opera con ben 6 dipendenti in posizione di distacco.<\/p>\n\n\n\n<p>\u201cTra le diverse pronunce giurisprudenziali \u00e8 utile ricordare come la Corte dei Conti sez. reg.le per l\u2019Emilia Romagna nella deliberazione n. 97 per l\u2019anno 2021 in sede di controllo del provvedimento di ricognizione ordinaria delle partecipazioni societarie del comune di Ferrara rispetto ad una societ\u00e0 del comune medesimo che si presentava un numero di dipendenti in distacco (come avviene per la Patrimonio Spa) concludeva ritenendo che \u2018(\u2026)  da un punto di vista sostanziale, l\u2019utilizzo effettivo presso la societ\u00e0 di risorse umane nella forma di dipendenti distaccati non sembra apparire in contrasto con la finalit\u00e0 del parametro legislativo espresso dalla lett. B dell\u2019art. 20 del D.Legislativo 175\/16 (TUSP) inteso ad individuare, nell\u2019assenza di dipendenti o nell\u2019esorbitanza del numero di amministratori rispetto ai dipendenti, un elemento di inefficienza aziendale, determinante la necessit\u00e0 di razionalizzazione\u2019.<\/p>\n\n\n\n<p>\u201cPertanto l\u2019emendamento non potr\u00e0 comportare nessuna messa in liquidazione della predetta societ\u00e0. Ennesima dimostrazione delle inutili e defaticanti battaglie condotte dal Consiglio Comunale contro l\u2019amministrazione De Luca in danno della nostra citt\u00e0\u201d.<\/p>\n","protected":false},"excerpt":{"rendered":"<p>Non si \u00e8 fatta attendere la reazione della giunta De Luca dopo la messa in liquidazione, da parte del Consiglio Comunale, della Patrimonio Spa, una delle partecipate create proprio dall\u2019attuale giunta comunale. Al riguardo, il vicesindaco Carlotta Previti ha affermato che la messa in liquidazione della societ\u00e0 \u00e8 illegittima, in quanto presa senza alcuna legittima [&hellip;]<\/p>\n","protected":false},"author":8,"featured_media":21267,"comment_status":"open","ping_status":"open","sticky":false,"template":"","format":"standard","meta":{"ub_ctt_via":"","_mi_skip_tracking":false},"categories":[4],"tags":[46,2667,2918],"featured_image_src":"https:\/\/www.messinaoggi.it\/website\/wp-content\/uploads\/2018\/06\/carlotta-previti-1.jpg","author_info":{"display_name":"red..me","author_link":"https:\/\/www.messinaoggi.it\/website\/author\/redstage\/"},"digistream_id":0,"digistream":false,"_links":{"self":[{"href":"https:\/\/www.messinaoggi.it\/website\/wp-json\/wp\/v2\/posts\/92304"}],"collection":[{"href":"https:\/\/www.messinaoggi.it\/website\/wp-json\/wp\/v2\/posts"}],"about":[{"href":"https:\/\/www.messinaoggi.it\/website\/wp-json\/wp\/v2\/types\/post"}],"author":[{"embeddable":true,"href":"https:\/\/www.messinaoggi.it\/website\/wp-json\/wp\/v2\/users\/8"}],"replies":[{"embeddable":true,"href":"https:\/\/www.messinaoggi.it\/website\/wp-json\/wp\/v2\/comments?post=92304"}],"version-history":[{"count":1,"href":"https:\/\/www.messinaoggi.it\/website\/wp-json\/wp\/v2\/posts\/92304\/revisions"}],"predecessor-version":[{"id":92305,"href":"https:\/\/www.messinaoggi.it\/website\/wp-json\/wp\/v2\/posts\/92304\/revisions\/92305"}],"wp:featuredmedia":[{"embeddable":true,"href":"https:\/\/www.messinaoggi.it\/website\/wp-json\/wp\/v2\/media\/21267"}],"wp:attachment":[{"href":"https:\/\/www.messinaoggi.it\/website\/wp-json\/wp\/v2\/media?parent=92304"}],"wp:term":[{"taxonomy":"category","embeddable":true,"href":"https:\/\/www.messinaoggi.it\/website\/wp-json\/wp\/v2\/categories?post=92304"},{"taxonomy":"post_tag","embeddable":true,"href":"https:\/\/www.messinaoggi.it\/website\/wp-json\/wp\/v2\/tags?post=92304"}],"curies":[{"name":"wp","href":"https:\/\/api.w.org\/{rel}","templated":true}]}}