{"id":92296,"date":"2021-12-30T10:07:34","date_gmt":"2021-12-30T09:07:34","guid":{"rendered":"https:\/\/www.messinaoggi.it\/website\/2021\/12\/30\/letta-senza-unita-sul-quirinale-il-governo-cadrebbe\/"},"modified":"2021-12-30T10:07:34","modified_gmt":"2021-12-30T09:07:34","slug":"letta-senza-unita-sul-quirinale-il-governo-cadrebbe","status":"publish","type":"post","link":"https:\/\/www.messinaoggi.it\/website\/2021\/12\/30\/letta-senza-unita-sul-quirinale-il-governo-cadrebbe\/","title":{"rendered":"Letta \u201cSenza unit\u00e0 sul Quirinale il Governo cadrebbe\u201d"},"content":{"rendered":"<div>ROMA (ITALPRESS) &#8211; &#8220;La via maestra \u00e8 la continuit\u00e0 di governo. Il capo dello Stato va eletto a larghissima maggioranza, una forzatura da una parte o dall&#8217;altra farebbe cadere il governo&#8221;. Lo afferma il segretario del Pd Enrico Letta, in un&#8217;intervista al quotidiano La Repubblica.<br \/>Nelle parole di Mario Draghi &#8220;non ho letto una autocandidatura &#8211; spiega l&#8217;ex premier -. Su un&#8217;eventuale ipotesi Draghi al Colle, come sugli altri nomi che garantiscono ampio consenso, decideremo tutti insieme e al momento debito, la mia personale opinione non conta. Quel che so per certo \u00e8 che Draghi va comunque protetto e tutelato per il bene del Paese&#8221;.<br \/>&#8220;Chi ha detto di non volere Draghi al Quirinale ha aggiunto di volerlo ancora a Palazzo Chigi &#8211; prosegue -. Ritengo, per essere chiari, che noi dobbiamo tenercelo stretto, in un modo o nell&#8217;altro. Quello che Draghi sta portando all&#8217;Italia \u00e8 enorme. Siamo un Paese che ha visto crescere il suo principale handicap, il debito pubblico, del 25% in poco pi\u00f9 di un anno. In questo senso Draghi \u00e8 un&#8217;assicurazione sulla vita&#8221;.<br \/>&#8220;Il 13 gennaio dir\u00f2 alla direzione del Pd e ai gruppi parlamentari che la via maestra \u00e8 la continuit\u00e0 di governo e la stabilit\u00e0. Il 2022 non pu\u00f2 essere un anno elettorale, non possiamo permetterci almeno cinque mesi di interruzione dell&#8217;attivit\u00e0 di governo &#8211; dice ancora Letta -. Quindi c&#8217;\u00e8 bisogno di una larghissima maggioranza, un capo dello Stato non divisivo e non eletto sul filo dei voti. Il governo \u00e8 sostenuto dal 90% delle forze parlamentari, sarebbe totalmente contraddittorio restringere il campo. Ci pu\u00f2 essere una maggioranza pi\u00f9 larga, non pi\u00f9 stretta, altrimenti il governo cadrebbe&#8221;.<br \/>(ITALPRESS).<\/div>\n<div id=\"div-gpt-ad-Messinaoggi.it-DSK-300x250-corpoart\" style=\"text-align:center;margin:0 auto;\"><\/div><\/p><div id=\"videoincontent\" style=\"clear:both\";><\/div>","protected":false},"excerpt":{"rendered":"<p>ROMA (ITALPRESS) &#8211; &#8220;La via maestra \u00e8 la continuit\u00e0 di governo. Il capo dello Stato va eletto a larghissima maggioranza, una forzatura da una parte o dall&#8217;altra farebbe cadere il governo&#8221;. Lo afferma il segretario del Pd Enrico Letta, in un&#8217;intervista al quotidiano La Repubblica.Nelle parole di Mario Draghi &#8220;non ho letto una autocandidatura &#8211; [&hellip;]<\/p>\n","protected":false},"author":18,"featured_media":92297,"comment_status":"closed","ping_status":"closed","sticky":false,"template":"","format":"standard","meta":{"ub_ctt_via":"","_mi_skip_tracking":false},"categories":[446],"tags":[783],"featured_image_src":"https:\/\/www.messinaoggi.it\/website\/wp-content\/uploads\/2021\/12\/20211230_0123.jpg","author_info":{"display_name":"Admin","author_link":"https:\/\/www.messinaoggi.it\/website\/author\/admin\/"},"digistream_id":0,"digistream":false,"_links":{"self":[{"href":"https:\/\/www.messinaoggi.it\/website\/wp-json\/wp\/v2\/posts\/92296"}],"collection":[{"href":"https:\/\/www.messinaoggi.it\/website\/wp-json\/wp\/v2\/posts"}],"about":[{"href":"https:\/\/www.messinaoggi.it\/website\/wp-json\/wp\/v2\/types\/post"}],"author":[{"embeddable":true,"href":"https:\/\/www.messinaoggi.it\/website\/wp-json\/wp\/v2\/users\/18"}],"replies":[{"embeddable":true,"href":"https:\/\/www.messinaoggi.it\/website\/wp-json\/wp\/v2\/comments?post=92296"}],"version-history":[{"count":0,"href":"https:\/\/www.messinaoggi.it\/website\/wp-json\/wp\/v2\/posts\/92296\/revisions"}],"wp:featuredmedia":[{"embeddable":true,"href":"https:\/\/www.messinaoggi.it\/website\/wp-json\/wp\/v2\/media\/92297"}],"wp:attachment":[{"href":"https:\/\/www.messinaoggi.it\/website\/wp-json\/wp\/v2\/media?parent=92296"}],"wp:term":[{"taxonomy":"category","embeddable":true,"href":"https:\/\/www.messinaoggi.it\/website\/wp-json\/wp\/v2\/categories?post=92296"},{"taxonomy":"post_tag","embeddable":true,"href":"https:\/\/www.messinaoggi.it\/website\/wp-json\/wp\/v2\/tags?post=92296"}],"curies":[{"name":"wp","href":"https:\/\/api.w.org\/{rel}","templated":true}]}}