{"id":92275,"date":"2021-12-30T09:07:49","date_gmt":"2021-12-30T08:07:49","guid":{"rendered":"https:\/\/www.messinaoggi.it\/website\/2021\/12\/30\/inflazione-visco-i-rischi-non-sono-solo-al-rialzo\/"},"modified":"2021-12-30T09:07:49","modified_gmt":"2021-12-30T08:07:49","slug":"inflazione-visco-i-rischi-non-sono-solo-al-rialzo","status":"publish","type":"post","link":"https:\/\/www.messinaoggi.it\/website\/2021\/12\/30\/inflazione-visco-i-rischi-non-sono-solo-al-rialzo\/","title":{"rendered":"Inflazione, Visco \u201cI rischi non sono solo al rialzo\u201d"},"content":{"rendered":"<div>ROMA (ITALPRESS) &#8211; &#8220;Ci sar\u00e0 una riduzione del ritmo degli acquisti di titoli nel corso del 2022, che per\u00f2 non si interromperanno prima della fine dell&#8217;anno; quindi, il cosiddetto &#8220;tapering&#8221; non verr\u00e0 concluso prima del 2023 e si continueranno a mantenere condizioni di finanziamento dell&#8217;economia molto favorevoli. Abbiamo anche affermato che l&#8217;aumento dei tassi ufficiali, che peraltro sono negativi, avverr\u00e0 successivamente. Il motivo \u00e8 legato proprio alle nostre previsioni d&#8217;inflazione e ai fattori che noi riteniamo prevarranno nei prossimi anni&#8221;. Lo afferma il governatore della Banca d&#8217;Italia, Ignazio Visco, in un&#8217;intervista al quotidiano La Stampa.<br \/>In seno alla Bce &#8220;c&#8217;\u00e8 divergenza nel Consiglio direttivo. Le previsioni secondo cui si scender\u00e0 al di sotto del 2% nel biennio 2023-24 sono ovviamente soggette a rischi sia verso il basso sia verso l&#8217;alto. Secondo alcuni dei miei colleghi questi ultimi potrebbero essere prevalenti &#8211; spiega -. Ma occorre ragionare su almeno due dei fattori sottostanti: uno energetico, l&#8217;altro legato ai margini delle imprese e all&#8217;aumento delle retribuzioni. Ora, su queste ultime, abbiamo un&#8217;ipotesi di crescita del 3% ogni anno per i prossimi tre anni. Ricordiamoci che negli Stati Uniti le retribuzioni stanno salendo del 4% e in Europa siamo sotto al 2%, come peraltro \u00e8 successo per i vent&#8217;anni passati&#8221;.<br \/>&#8220;In questo momento non si vedono effetti di secondo impatto dai prezzi dell&#8217;energia, cui soprattutto si deve l&#8217;aumento dell&#8217;inflazione, a salari e margini, quindi resto sostanzialmente tranquillo. Io penso che i rischi siano bilanciati e non asimmetrici verso l&#8217;alto &#8211; prosegue il governatore della Banca d&#8217;Italia -. In ogni caso, siamo tutti straordinariamente attenti a verificare mese per mese quali sono, come si muovono le determinanti dell&#8217;inflazione: mercato del lavoro, domanda, salari&#8221;.<br \/>(ITALPRESS).<\/div>\n<div id=\"div-gpt-ad-Messinaoggi.it-DSK-300x250-corpoart\" style=\"text-align:center;margin:0 auto;\"><\/div><\/p><div id=\"videoincontent\" style=\"clear:both\";><\/div>","protected":false},"excerpt":{"rendered":"<p>ROMA (ITALPRESS) &#8211; &#8220;Ci sar\u00e0 una riduzione del ritmo degli acquisti di titoli nel corso del 2022, che per\u00f2 non si interromperanno prima della fine dell&#8217;anno; quindi, il cosiddetto &#8220;tapering&#8221; non verr\u00e0 concluso prima del 2023 e si continueranno a mantenere condizioni di finanziamento dell&#8217;economia molto favorevoli. Abbiamo anche affermato che l&#8217;aumento dei tassi ufficiali, [&hellip;]<\/p>\n","protected":false},"author":18,"featured_media":92276,"comment_status":"closed","ping_status":"closed","sticky":false,"template":"","format":"standard","meta":{"ub_ctt_via":"","_mi_skip_tracking":false},"categories":[446],"tags":[783],"featured_image_src":"https:\/\/www.messinaoggi.it\/website\/wp-content\/uploads\/2021\/12\/20211230_0080.jpg","author_info":{"display_name":"Admin","author_link":"https:\/\/www.messinaoggi.it\/website\/author\/admin\/"},"digistream_id":0,"digistream":false,"_links":{"self":[{"href":"https:\/\/www.messinaoggi.it\/website\/wp-json\/wp\/v2\/posts\/92275"}],"collection":[{"href":"https:\/\/www.messinaoggi.it\/website\/wp-json\/wp\/v2\/posts"}],"about":[{"href":"https:\/\/www.messinaoggi.it\/website\/wp-json\/wp\/v2\/types\/post"}],"author":[{"embeddable":true,"href":"https:\/\/www.messinaoggi.it\/website\/wp-json\/wp\/v2\/users\/18"}],"replies":[{"embeddable":true,"href":"https:\/\/www.messinaoggi.it\/website\/wp-json\/wp\/v2\/comments?post=92275"}],"version-history":[{"count":0,"href":"https:\/\/www.messinaoggi.it\/website\/wp-json\/wp\/v2\/posts\/92275\/revisions"}],"wp:featuredmedia":[{"embeddable":true,"href":"https:\/\/www.messinaoggi.it\/website\/wp-json\/wp\/v2\/media\/92276"}],"wp:attachment":[{"href":"https:\/\/www.messinaoggi.it\/website\/wp-json\/wp\/v2\/media?parent=92275"}],"wp:term":[{"taxonomy":"category","embeddable":true,"href":"https:\/\/www.messinaoggi.it\/website\/wp-json\/wp\/v2\/categories?post=92275"},{"taxonomy":"post_tag","embeddable":true,"href":"https:\/\/www.messinaoggi.it\/website\/wp-json\/wp\/v2\/tags?post=92275"}],"curies":[{"name":"wp","href":"https:\/\/api.w.org\/{rel}","templated":true}]}}