{"id":92268,"date":"2021-12-30T01:07:19","date_gmt":"2021-12-30T00:07:19","guid":{"rendered":"http:\/\/www.messinaoggi.it\/website\/?p=92268"},"modified":"2021-12-30T09:34:38","modified_gmt":"2021-12-30T08:34:38","slug":"info-vax-a-villa-vaccarino-firenze-solo-con-corrette-informazioni-si-combattono-le-fake-news","status":"publish","type":"post","link":"https:\/\/www.messinaoggi.it\/website\/2021\/12\/30\/info-vax-a-villa-vaccarino-firenze-solo-con-corrette-informazioni-si-combattono-le-fake-news\/","title":{"rendered":"Info vax a Villa Vaccarino, Firenze: &#8220;Solo con corrette informazioni si combattono le fake news&#8221;"},"content":{"rendered":"\n<p>&#8220;Questa \u00e8 un&#8217;ottima iniziativa per informare i cittadini che noi abbiamo subito accettato di supportare dopo la proposta dell&#8217;associazione Messina in centro, che ha organizzato insieme all&#8217;amministrazione comunale di Milazzo questo evento natalizio a Villa Vaccarino&#8221;.\u00a0A\u00a0dirlo il commissario Covid-19 di Messina Alberto Firenze in visita a Villa Vaccarino dove \u00e8\u00a0 stata predisposta una postazione dall&#8217;ufficio del Commissario Covid 19 per informazioni sulla vaccinazione. All&#8217;incontro erano presenti anche il sindaco di Milazzo Pippo Midili e il presidente dell&#8217;associazione Messina in Centro Lino Santoro.<div id=\"div-gpt-ad-Messinaoggi.it-DSK-300x250-corpoart\" style=\"text-align:center;margin:0 auto;\"><\/div><\/p>\n\n\n\n<p>&#8220;In questa occasione &#8211; prosegue Firenze &#8211; cercheremo di diffondere il pi\u00f9 possibile le informazioni corrette che riguardano il vaccino in\u00a0 gravidanza e in et\u00e0 pediatrica. Questi punti info fax sono essenziali perch\u00e9 grazie ai nostri team di pedagogiste, adeguatamente formate riusciamo a fornire alla popolazione notizie corrette su tutto quello che riguarda la vaccinazione, cercando di combattere le fake news e la disinformazione organizzata.<div id=\"videoincontent\" style=\"clear:both\";><\/div><\/p>\n\n\n\n<figure class=\"wp-block-image size-large\"><img loading=\"lazy\" width=\"768\" height=\"1024\" src=\"http:\/\/www.messinaoggi.it\/website\/wp-content\/uploads\/2021\/12\/Natale-Villa-Vaccarino-Milazzo-3-768x1024.jpg\" alt=\"\" class=\"wp-image-92271\" srcset=\"https:\/\/www.messinaoggi.it\/website\/wp-content\/uploads\/2021\/12\/Natale-Villa-Vaccarino-Milazzo-3-768x1024.jpg 768w, https:\/\/www.messinaoggi.it\/website\/wp-content\/uploads\/2021\/12\/Natale-Villa-Vaccarino-Milazzo-3-225x300.jpg 225w, https:\/\/www.messinaoggi.it\/website\/wp-content\/uploads\/2021\/12\/Natale-Villa-Vaccarino-Milazzo-3-1152x1536.jpg 1152w, https:\/\/www.messinaoggi.it\/website\/wp-content\/uploads\/2021\/12\/Natale-Villa-Vaccarino-Milazzo-3.jpg 1200w\" sizes=\"(max-width: 768px) 100vw, 768px\" \/><\/figure>\n\n\n\n<p>&#8220;Dopo l&#8217;incontro degli scorsi giorni con l&#8217;assessore regionale alla Salute Ruggero Razza e visto l&#8217;aumento esponenziale dei positivi in citt\u00e0 e provincia, abbiamo preso l&#8217;impegno\u00a0 di trovare nuove aree per effettuare I tamponi. A Milazzo l&#8217;area screening sar\u00e0 stata trasferita nelle prossime ore nella zona porto, per\u00f2 in locali al chiuso pi\u00f9 confortevoli per permettere ai cittadini di accedere al test in modo pi\u00f9 agevole&#8221;.<\/p>\n","protected":false},"excerpt":{"rendered":"<p>&#8220;Questa \u00e8 un&#8217;ottima iniziativa per informare i cittadini che noi abbiamo subito accettato di supportare dopo la proposta dell&#8217;associazione Messina in centro, che ha organizzato insieme all&#8217;amministrazione comunale di Milazzo questo evento natalizio a Villa Vaccarino&#8221;.\u00a0A\u00a0dirlo il commissario Covid-19 di Messina Alberto Firenze in visita a Villa Vaccarino dove \u00e8\u00a0 stata predisposta una postazione dall&#8217;ufficio [&hellip;]<\/p>\n","protected":false},"author":8,"featured_media":92273,"comment_status":"open","ping_status":"open","sticky":false,"template":"","format":"standard","meta":{"ub_ctt_via":"","_mi_skip_tracking":false},"categories":[13,221,14],"tags":[111,775],"featured_image_src":"https:\/\/www.messinaoggi.it\/website\/wp-content\/uploads\/2021\/12\/foto1.jpg","author_info":{"display_name":"red..me","author_link":"https:\/\/www.messinaoggi.it\/website\/author\/redstage\/"},"digistream_id":0,"digistream":false,"_links":{"self":[{"href":"https:\/\/www.messinaoggi.it\/website\/wp-json\/wp\/v2\/posts\/92268"}],"collection":[{"href":"https:\/\/www.messinaoggi.it\/website\/wp-json\/wp\/v2\/posts"}],"about":[{"href":"https:\/\/www.messinaoggi.it\/website\/wp-json\/wp\/v2\/types\/post"}],"author":[{"embeddable":true,"href":"https:\/\/www.messinaoggi.it\/website\/wp-json\/wp\/v2\/users\/8"}],"replies":[{"embeddable":true,"href":"https:\/\/www.messinaoggi.it\/website\/wp-json\/wp\/v2\/comments?post=92268"}],"version-history":[{"count":1,"href":"https:\/\/www.messinaoggi.it\/website\/wp-json\/wp\/v2\/posts\/92268\/revisions"}],"predecessor-version":[{"id":92274,"href":"https:\/\/www.messinaoggi.it\/website\/wp-json\/wp\/v2\/posts\/92268\/revisions\/92274"}],"wp:featuredmedia":[{"embeddable":true,"href":"https:\/\/www.messinaoggi.it\/website\/wp-json\/wp\/v2\/media\/92273"}],"wp:attachment":[{"href":"https:\/\/www.messinaoggi.it\/website\/wp-json\/wp\/v2\/media?parent=92268"}],"wp:term":[{"taxonomy":"category","embeddable":true,"href":"https:\/\/www.messinaoggi.it\/website\/wp-json\/wp\/v2\/categories?post=92268"},{"taxonomy":"post_tag","embeddable":true,"href":"https:\/\/www.messinaoggi.it\/website\/wp-json\/wp\/v2\/tags?post=92268"}],"curies":[{"name":"wp","href":"https:\/\/api.w.org\/{rel}","templated":true}]}}